{"id":8629,"date":"2018-04-11T15:19:17","date_gmt":"2018-04-11T13:19:17","guid":{"rendered":"https:\/\/fsmcv.org\/?post_type=fsmcv-noticias&#038;p=8629"},"modified":"2021-03-29T17:16:44","modified_gmt":"2021-03-29T15:16:44","slug":"rafa-garrigos-impartira-curso-direccion-scaliamo-le-note-2018","status":"publish","type":"post","link":"https:\/\/fsmcv.org\/vl\/area-educativa-vl\/xarxa-centres-educatius\/rafa-garrigos-impartira-curso-direccion-scaliamo-le-note-2018\/","title":{"rendered":"Rafa Garrig\u00f3s impartir\u00e0 un Curs de Direcci\u00f3 en \u201cScaliamo le Note 2018\u201d"},"content":{"rendered":"<p>Per segon any consecutiu, Rafa Garrig\u00f3s impartir\u00e0 un Curs de Direcci\u00f3 i dirigir\u00e0 la banda del campus d&#8217;estiu que es realitza cada any en la Vall de Susa, en la regi\u00f3 italiana del Piemonte.<\/p>\n<p>El campus, organitzat per les bandes de m\u00fasica de les localitats de Bruzolo i Venaus, situades als Alps italians, es realitza des de fa diversos anys amb gran \u00e8xit sota la direcci\u00f3 art\u00edstica del mestre Carlo Campobenedetto, i compta amb la participaci\u00f3 com a professors d&#8217;alguns dels solistes m\u00e9s importants de les millors orquestres d&#8217;It\u00e0lia.<\/p>\n<p>El Curs de Direcci\u00f3 impartit per Rafa Garrig\u00f3s es realitzar\u00e0 del 16 al 22 de juliol, i es clausurar\u00e0 amb un concert en el qual dirigiran els alumnes participants. El campus instrumental tindr\u00e0 lloc del 18 al 22 de juliol, i finalitzar\u00e0 amb un concert de la banda del campus format per tots els alumnes i dirigit per Rafa Garrig\u00f3s.<\/p>\n<p>Tota la informaci\u00f3 per a inscripcions: <a href=\"http:\/\/www.scaliamolenote.jimdo.com\/\" target=\"_blank\" rel=\"noopener noreferrer\">www.scaliamolenote.jimdo.com<\/a><\/p>\n","protected":false},"excerpt":{"rendered":"<p>Per segon any consecutiu, Rafa Garrig\u00f3s impartir\u00e0 un Curs de Direcci\u00f3 i dirigir\u00e0 la banda del campus d&#8217;estiu que es realitza cada any en la Vall de Susa, en la regi\u00f3 italiana del Piemonte.<\/p>\n","protected":false},"author":2,"featured_media":0,"comment_status":"closed","ping_status":"closed","sticky":false,"template":"","format":"standard","meta":{"footnotes":""},"categories":[164],"tags":[],"class_list":["post-8629","post","type-post","status-publish","format-standard","hentry","category-xarxa-centres-educatius"],"_links":{"self":[{"href":"https:\/\/fsmcv.org\/vl\/wp-json\/wp\/v2\/posts\/8629","targetHints":{"allow":["GET"]}}],"collection":[{"href":"https:\/\/fsmcv.org\/vl\/wp-json\/wp\/v2\/posts"}],"about":[{"href":"https:\/\/fsmcv.org\/vl\/wp-json\/wp\/v2\/types\/post"}],"author":[{"embeddable":true,"href":"https:\/\/fsmcv.org\/vl\/wp-json\/wp\/v2\/users\/2"}],"replies":[{"embeddable":true,"href":"https:\/\/fsmcv.org\/vl\/wp-json\/wp\/v2\/comments?post=8629"}],"version-history":[{"count":0,"href":"https:\/\/fsmcv.org\/vl\/wp-json\/wp\/v2\/posts\/8629\/revisions"}],"wp:attachment":[{"href":"https:\/\/fsmcv.org\/vl\/wp-json\/wp\/v2\/media?parent=8629"}],"wp:term":[{"taxonomy":"category","embeddable":true,"href":"https:\/\/fsmcv.org\/vl\/wp-json\/wp\/v2\/categories?post=8629"},{"taxonomy":"post_tag","embeddable":true,"href":"https:\/\/fsmcv.org\/vl\/wp-json\/wp\/v2\/tags?post=8629"}],"curies":[{"name":"wp","href":"https:\/\/api.w.org\/{rel}","templated":true}]}}