{"id":8846,"date":"2018-05-02T10:36:25","date_gmt":"2018-05-02T08:36:25","guid":{"rendered":"https:\/\/fsmcv.org\/?post_type=fsmcv-noticias&#038;p=8846"},"modified":"2021-09-30T11:39:15","modified_gmt":"2021-09-30T09:39:15","slug":"5-edicion-sent-me-cocentaina","status":"publish","type":"post","link":"https:\/\/fsmcv.org\/vl\/certamens\/5-edicion-sent-me-cocentaina\/","title":{"rendered":"Presentada la 5a edici\u00f3 de SENT-ME Cocentaina"},"content":{"rendered":"<p>El SENT-ME COCENTAINA 2018 compleix cinc anys, i ho celebra amb la seua edici\u00f3 m\u00e9s divulgativa per a tots els p\u00fablics. De nou els cursos de m\u00fasica, les confer\u00e8ncies i els concerts transformaran la capital alacantina de El Comtat per a consolidar-la com el f\u00f2rum d&#8217;aprenentatge i encontre musical que \u00e9s des de 2014. Aix\u00ed va ser com ho van expressar en la presentaci\u00f3 el 27 d&#8217;abril l&#8217;Alcaldessa de Cocentaina, Mireia Estepa, la regidora de cultura, Marcela Richart, i el creador i director art\u00edstic de SENT-ME COCENTAINA, el director d&#8217;orquestra Ignacio Garc\u00eda-Vidal.<\/p>\n<p>El Simposi Encontre de Noves Tend\u00e8ncies en M\u00fasica i Educaci\u00f3 (SENT-ME) est\u00e0 organitzat per l&#8217;Ajuntament de Cocentaina, i reposa en tres blocs de continguts: cursos d&#8217;instruments i direcci\u00f3 musical que reuniran a m\u00e9s de 20 professors d&#8217;importants orquestres i conservatoris, confer\u00e8ncies obertes a tot el p\u00fablic, i concerts que inunden de m\u00fasica les nits de Cocentaina.<\/p>\n<p>Els estudiants de m\u00fasica de totes les edats que ho desitgen podran apuntar-se en les especialitats oferides per reconeguts professors de viol\u00ed, viola, violoncello, contrabaix, flauta, obo\u00e8, clarinet, saxofon i direcci\u00f3 musical. A m\u00e9s enguany s&#8217;ofereix la novetat \u201cmasterclass d&#8217;un dia\u201d, amb classes intensives d&#8217;un dia en les especialitats de fagot, trompa, trompeta, tromb\u00f3 o repertori orquestral de viol\u00ed. Tots els alumnes integren l&#8217;Orquestra Simf\u00f2nica del SENT-ME i reben classes de m\u00fasica de cambra. El SENT-ME amplia la seua oferta de M\u00fasica i Moviment enguany per a xiquets nascuts entre 2006 i 2014, amb un equip dirigit per la prestigiosa pedagoga Elena Huidobro.<\/p>\n<p>Cocentaina gaudir\u00e0 de nou d&#8217;una setmana de concerts pensats per a tots els p\u00fablics. Un esdeveniment cultural de primer ordre ser\u00e0 la representaci\u00f3 de la simfonia m\u00e9s important de tota la Hist\u00f2ria de la M\u00fasica, la <em>Novena Simfonia Coral<\/em> de Beethoven, en l&#8217;espectacular marc hist\u00f2ric del Palau Comtal, amb un destacat elenc de cantants solistes (amb la soprano Estefan\u00eda Perdomo, artista convidada), l&#8217;Orquestra Simf\u00f2nica de la Regi\u00f3 de M\u00farcia, la Coral Discantus de M\u00farcia i el Cor de Cambra Discantus de Cocentaina. La programaci\u00f3 es completa amb concerts de m\u00fasica de cambra oferits pels professors del SENT-ME, l&#8217;espectacle \u201cZarzugi\u00f1ol para tota la familia\u201d amb la companyia madrilenya que ofereix un divertit espectacle de sarsuela i titelles, l&#8217;Orquestra Simf\u00f2nica del SENT-ME i audicions dels alumnes en diferents enclavaments de Cocentaina.<\/p>\n<p><strong>El termini de matr\u00edcula romandr\u00e0 obert del 15 de maig al 30 de juny<\/strong>, mentre existisca disponibilitat de places, ja que les places s\u00f3n limitades.<\/p>\n<p>Tota la informaci\u00f3 sobre els diferents tipus de matr\u00edcules i la programaci\u00f3 es poden consultar en les xarxes socials de SENT-ME COCENTAINA 2018, en la web <a href=\"http:\/\/www.turismococentaina.com\/esp\/sent-me\" target=\"_blank\" rel=\"noopener noreferrer\">www.turismococentaina.com\/esp\/sent-me<\/a> o en el tel\u00e8fon de la Casa de la Joventut de Cocentaina 965592795.<\/p>\n","protected":false},"excerpt":{"rendered":"<p>El Simposi Encontre de Noves Tend\u00e8ncies en M\u00fasica i Educaci\u00f3 tindr\u00e0 lloc del 16 i 21 de juliol, consolidant-se com l&#8217;aposta pedag\u00f2gica i musical m\u00e9s important de l&#8217;estiu a l&#8217;interior de la Comunitat Valenciana. El termini de matr\u00edcula romandr\u00e0 obert del 15 de maig al 30 de juny.<\/p>\n","protected":false},"author":2,"featured_media":0,"comment_status":"closed","ping_status":"closed","sticky":false,"template":"","format":"standard","meta":{"footnotes":""},"categories":[1],"tags":[],"class_list":["post-8846","post","type-post","status-publish","format-standard","hentry","category-certamenes"],"_links":{"self":[{"href":"https:\/\/fsmcv.org\/vl\/wp-json\/wp\/v2\/posts\/8846","targetHints":{"allow":["GET"]}}],"collection":[{"href":"https:\/\/fsmcv.org\/vl\/wp-json\/wp\/v2\/posts"}],"about":[{"href":"https:\/\/fsmcv.org\/vl\/wp-json\/wp\/v2\/types\/post"}],"author":[{"embeddable":true,"href":"https:\/\/fsmcv.org\/vl\/wp-json\/wp\/v2\/users\/2"}],"replies":[{"embeddable":true,"href":"https:\/\/fsmcv.org\/vl\/wp-json\/wp\/v2\/comments?post=8846"}],"version-history":[{"count":0,"href":"https:\/\/fsmcv.org\/vl\/wp-json\/wp\/v2\/posts\/8846\/revisions"}],"wp:attachment":[{"href":"https:\/\/fsmcv.org\/vl\/wp-json\/wp\/v2\/media?parent=8846"}],"wp:term":[{"taxonomy":"category","embeddable":true,"href":"https:\/\/fsmcv.org\/vl\/wp-json\/wp\/v2\/categories?post=8846"},{"taxonomy":"post_tag","embeddable":true,"href":"https:\/\/fsmcv.org\/vl\/wp-json\/wp\/v2\/tags?post=8846"}],"curies":[{"name":"wp","href":"https:\/\/api.w.org\/{rel}","templated":true}]}}