{"id":8850,"date":"2018-05-03T08:38:41","date_gmt":"2018-05-03T06:38:41","guid":{"rendered":"https:\/\/fsmcv.org\/?post_type=fsmcv-noticias&#038;p=8850"},"modified":"2021-09-30T11:39:08","modified_gmt":"2021-09-30T09:39:08","slug":"artistica-novelda-concierto-xxiii-musica-als-pobles","status":"publish","type":"post","link":"https:\/\/fsmcv.org\/vl\/certamens\/artistica-novelda-concierto-xxiii-musica-als-pobles\/","title":{"rendered":"L&#8217;Art\u00edstica de Novelda ofereix un concert dins de la XXIII Campa\u00f1a &#8220;M\u00fasica als pobles&#8221;"},"content":{"rendered":"<p>La Diputaci\u00f3 d&#8217;Alacant any rere any col\u00b7labora amb les associacions musicals federades de la prov\u00edncia. Potser una de les campanyes m\u00e9s importants que desenvolupa la instituci\u00f3 provincial \u00e9s el cicle &#8220;M\u00fasica als pobles&#8221;.<\/p>\n<p>Dins d&#8217;aquesta campanya la Uni\u00f3 Musical L&#8217;Art\u00edstica de Novelda ofereix un concert en l&#8217;Auditori de Montfort. Aquesta actuaci\u00f3 tindr\u00e0 lloc el dia 5 de maig a les 20 h. en l&#8217;Auditori Fernando Mart\u00ednez Beltr\u00e1n pel que per a oferir aquest concert la banda noveldense, a m\u00e9s del patrocini de la Diputaci\u00f3, ha comptat amb la col\u00b7laboraci\u00f3 de l&#8217;Ajuntament de Montfort.<\/p>\n","protected":false},"excerpt":{"rendered":"<p>L&#8217;actuaci\u00f3 tindr\u00e0 lloc el dia 5 de maig a les 20 h. en l&#8217;Auditori Fernando Mart\u00ednez Beltr\u00e1n de Montfort.<\/p>\n","protected":false},"author":2,"featured_media":0,"comment_status":"closed","ping_status":"closed","sticky":false,"template":"","format":"standard","meta":{"footnotes":""},"categories":[1],"tags":[],"class_list":["post-8850","post","type-post","status-publish","format-standard","hentry","category-certamenes"],"_links":{"self":[{"href":"https:\/\/fsmcv.org\/vl\/wp-json\/wp\/v2\/posts\/8850","targetHints":{"allow":["GET"]}}],"collection":[{"href":"https:\/\/fsmcv.org\/vl\/wp-json\/wp\/v2\/posts"}],"about":[{"href":"https:\/\/fsmcv.org\/vl\/wp-json\/wp\/v2\/types\/post"}],"author":[{"embeddable":true,"href":"https:\/\/fsmcv.org\/vl\/wp-json\/wp\/v2\/users\/2"}],"replies":[{"embeddable":true,"href":"https:\/\/fsmcv.org\/vl\/wp-json\/wp\/v2\/comments?post=8850"}],"version-history":[{"count":0,"href":"https:\/\/fsmcv.org\/vl\/wp-json\/wp\/v2\/posts\/8850\/revisions"}],"wp:attachment":[{"href":"https:\/\/fsmcv.org\/vl\/wp-json\/wp\/v2\/media?parent=8850"}],"wp:term":[{"taxonomy":"category","embeddable":true,"href":"https:\/\/fsmcv.org\/vl\/wp-json\/wp\/v2\/categories?post=8850"},{"taxonomy":"post_tag","embeddable":true,"href":"https:\/\/fsmcv.org\/vl\/wp-json\/wp\/v2\/tags?post=8850"}],"curies":[{"name":"wp","href":"https:\/\/api.w.org\/{rel}","templated":true}]}}