{"id":8859,"date":"2018-05-03T10:37:53","date_gmt":"2018-05-03T08:37:53","guid":{"rendered":"https:\/\/fsmcv.org\/?post_type=fsmcv-noticias&#038;p=8859"},"modified":"2021-03-29T16:48:21","modified_gmt":"2021-03-29T14:48:21","slug":"convocatoria-plaza-profesor-violin-palau-musica","status":"publish","type":"post","link":"https:\/\/fsmcv.org\/vl\/noticies-del-portal-docupacio\/convocatoria-plaza-profesor-violin-palau-musica\/","title":{"rendered":"Convocat\u00f2ria oberta per a una pla\u00e7a de professor de viol\u00ed en el Palau de la M\u00fasica"},"content":{"rendered":"<p>La Presidenta de l&#8217;O.A.M. &#8220;Palau de la M\u00fasica, Congressos i Orquestra de Val\u00e9ncia&#8221;, en resoluci\u00f3 no 188\/18, de data 10 d&#8217;abril de 2018, ha resolt aprovar les Bases que han de regir la convocat\u00f2ria per a proveir en r\u00e8gim de contractaci\u00f3 laboral fixa, 1 pla\u00e7a de Professor d&#8217;Orquestra, instrument Viol\u00ed, que s&#8217;enquadra en el grup de titulaci\u00f3 A, subgrup 41.<\/p>\n<p>La Bases es publicaran en el Butllet\u00ed Oficial de la Prov\u00edncia de Val\u00e8ncia, en el Tauler d&#8217;anuncis de l&#8217;O.A.M., aix\u00ed com en el punt d&#8217;acc\u00e9s general <a href=\"http:\/\/www.palauvalencia.com\/\" target=\"_blank\" rel=\"noopener noreferrer\">http:\/\/www.palauvalencia.com\/<\/a>.<\/p>\n<p>El termini de presentaci\u00f3 d&#8217;inst\u00e0ncies ser\u00e0 de vint dies h\u00e0bils que s&#8217;iniciar\u00e0 a partir de l&#8217;endem\u00e0 a aquell que tinguera lloc la publicaci\u00f3 de la ressenya en el Butllet\u00ed Oficial de l&#8217;Estat.<\/p>\n<h3>Resum de les bases<\/h3>\n<p>&#8211; El proc\u00e9s selectiu es realitzar\u00e0 mitjan\u00e7ant el sistema d&#8217;audici\u00f3, amb l&#8217;exercici que s&#8217;especifica en l&#8217;ANNEX II.<\/p>\n<p>&#8211; La pla\u00e7a de Professor d&#8217;Orquestra, Instrumente Viol\u00ed, s&#8217;enquadra en el grup de titulaci\u00f3 A, subgrup A1, amb el barem A1-24-811.<\/p>\n<p>&#8211; Acreditaran els seus coneixements de llengua valenciana d&#8217;acord amb l&#8217;establit en la base novena. L&#8217;acreditaci\u00f3 dels coneixements de valenci\u00e0 que preveu l&#8217;art. 53.2 LOGFPV, podr\u00e0 realitzar-se mitjan\u00e7ant la presentaci\u00f3 d&#8217;un dels seg\u00fcents documents: a) T\u00edtol de Batxillerat o equivalent cursat en la Comunitat Aut\u00f2noma Valenciana, amb superaci\u00f3 de les assignatures de valenci\u00e0. b) T\u00edtol de l&#8217;Escola Oficial d&#8217;Idiomes corresponent al tercer curs de coneixements de valenci\u00e0. c) Certificat de \u201cNivell Mitj\u00e0\u201d de la \u201cJunta Qualificadora de Coneixements de Valenci\u00e0\u201d.<\/p>\n<p>&#8211; Els qui desitgen participar en aquest proc\u00e9s selectiu hauran d&#8217;emplenar el model d&#8217;inst\u00e0ncia que figura com a ANNEX I d&#8217;aquesta convocat\u00f2ria, el qual estar\u00e0 disponible en el Registre General d&#8217;Entrada de l&#8217;O.A.M. Palau de la M\u00fasica (Passeig de l&#8217;Albereda, no. 30, Val\u00e8ncia) i en el punt en l\u00ednia d&#8217;acc\u00e9s general. Les inst\u00e0ncies hauran de presentar-se en el Registre General d&#8217;Entrada de l&#8217;O.A.M. Palau de la M\u00fasica (Passeig de l&#8217;Albereda, no. 30 \u2013Val\u00e8ncia-). Les sol\u00b7licituds hauran de constar degudament emplenades, indicant amb claredat que es reuneixen tots i cadascun dels requisits de capacitat exigits en les bases de la convocat\u00f2ria, data, signatura i \u00f2rgan al que es dirigeix la inst\u00e0ncia (O.A.M. Palau de la M\u00fasica, Congressos i Orquestra de Val\u00e8ncia). A la inst\u00e0ncia s&#8217;acompanyar\u00e0 resguard de l&#8217;ingr\u00e9s bancari en el compte ES65 2038 9651 6160 0026 1692 de Bankia, efectuada directament o per transfer\u00e8ncia de l&#8217;import dels drets d&#8217;examen, que es fixen en 46,87 \u20ac, de conformitat amb l&#8217;ordenan\u00e7a fiscal reguladora d&#8217;aquesta taxa, sense que c\u00e0pia gir postal o telegr\u00e0fic. En aquest resguard haur\u00e0 de fer-se constar la convocat\u00f2ria a la qual correspon l&#8217;ingr\u00e9s.<\/p>\n<p>&#8211; Aix\u00ed mateix s&#8217;adjuntar\u00e0 fotoc\u00f2pia compulsada del D.N.I. (o document legal equivalent a l&#8217;efecte de l&#8217;article 57.4 TREBEP i 54.4 LOGFPV) i fotoc\u00f2pia compulsada de la corresponent titulaci\u00f3 exigida per la convocat\u00f2ria (si la titulaci\u00f3 an\u00e0s obtinguda en un pa\u00eds diferent al d&#8217;Espanya, la mateixa haur\u00e0 de quedar acreditada mitjan\u00e7ant la corresponent homologaci\u00f3 oficial).<\/p>\n<p>&#8211; Acabat el termini de presentaci\u00f3 d&#8217;inst\u00e0ncies, es dictar\u00e0 resoluci\u00f3, declarant aprovada la llista provisional d&#8217;aspirants admesos i exclosos, que es publicar\u00e0 en el Tauler d&#8217;anuncis del Palau de la M\u00fasica i c\u00f2pia en la p\u00e0gina web del OAM\/PMCOV, amb indicaci\u00f3 expressa de les causes d&#8217;exclusi\u00f3 i concedint-se un termini de deu dies h\u00e0bils a l&#8217;efecte de presentaci\u00f3 de reclamacions o d&#8217;esmena de defici\u00e8ncies.<\/p>\n<p>&#8211; Transcorregut el termini d&#8217;esmena i examinades les possibles incid\u00e8ncies que, si escau, haguessin sigut al\u00b7legades, s&#8217;aprovar\u00e0 la llista definitiva que ser\u00e0 publicada en el Tauler d&#8217;anuncis del OAM\/PMCOV i en la corresponent p\u00e0gina web, juntament amb la data i hora en qu\u00e8 quedar\u00e0 fixada la realitzaci\u00f3 de la primera part de l&#8217;exercici de les proves selectives.<\/p>\n<p>&#8211; Els set membres que formen el tribunal, un President i sis vocals, estar\u00e0 integrat per membres de l&#8217;Orquestra de Val\u00e8ncia, pertanyents a la secci\u00f3 instrumental de Viol\u00ed, d&#8217;entre ells formar\u00e0 part almenys un solista i un concertino, que d&#8217;acord amb l&#8217;article 66 del Conveni col\u00b7lectiu vigent, es designaran mitjan\u00e7ant el sistema de sorteig, igual que la resta d&#8217;integrants del Tribunal que es triaran per sorteig entre la resta d&#8217;integrants de la corda de viol\u00ed.<\/p>\n<p>&#8211; Concl\u00f2s el termini de reclamacions i esmenes i resoltes les mateixes, l&#8217;autoritat o \u00f2rgan convocant elevar\u00e0 a definitives les llistes d&#8217;admesos i exclosos mitjan\u00e7ant resoluci\u00f3 que es publicar\u00e0 igualment en el tauler d&#8217;anuncis i p\u00e0gina web del OAM\/PMCOV. Aquesta publicaci\u00f3 servir\u00e0 de notificaci\u00f3 a l&#8217;efecte d&#8217;impugnacions i recursos. En la mateixa resoluci\u00f3 s&#8217;indicar\u00e0 la data, lloc i hora de comen\u00e7ament de la primera part de l&#8217;exercici.<\/p>\n<p>&#8211; Amb el resultat de la tercera part de l&#8217;\u00fanic exercici, el Tribunal de Selecci\u00f3 exposar\u00e0 al p\u00fablic la resoluci\u00f3 per la qual fixa la relaci\u00f3 definitiva d&#8217;aspirants aprovats per ordre de puntuaci\u00f3, i que remetr\u00e0 a l&#8217;\u00f2rgan convocant per a la seua publicaci\u00f3 mitjan\u00e7ant Resoluci\u00f3 en el tauler d&#8217;anuncis i p\u00e0gina web del OAM\/PMCOV.<\/p>\n<h3>Sistema de qualificaci\u00f3 i Proves selectives<\/h3>\n<p>Les proves selectives consten d&#8217;un \u00fanic exercici que es dividir\u00e0 en tres parts. L&#8217;exercici a realitzar es qualificar\u00e0 amb un m\u00e0xim de 30 punts.<\/p>\n<p>La qualificaci\u00f3 definitiva de l&#8217;aspirant \u00e9s el resultat de la suma de les qualificacions parcials. En el cas de possibles empats en la nota definitiva aquests es resoldran atenent a la major nota en la tercera part de l&#8217;exercici. Si l&#8217;empat persistira es dilucidar\u00e0 atenent a la major nota en la segona part de l&#8217;exercici. I si aix\u00ed i tot continuar\u00e0 l&#8217;empat es dilucidar\u00e0 atenent a criteris de paritat quant al sexe menys representat en l&#8217;orquestra, en l&#8217;instrument en q\u00fcesti\u00f3, en el moment de celebraci\u00f3 del proc\u00e9s selectiu.<\/p>\n<p>La primera part o ronda de les proves selectives consistir\u00e0 en la interpretaci\u00f3 d&#8217;extractes de passatges orquestrals proposats pel tribunal a triar, obligat\u00f2riament, entre dos dels indicats per a la primera part o ronda en l&#8217;ANNEX II. Aquest apartat ser\u00e0 qualificat amb una puntuaci\u00f3 de 0 a 10. L&#8217;aspirant que no aconsegu\u00eds un m\u00ednim de 5 punts quedar\u00e0 eliminat del proc\u00e9s selectiu.<\/p>\n<p>La segona part o ronda de les proves selectives consistir\u00e0 en la interpretaci\u00f3 d&#8217;extractes de passatges orquestrals proposats pel tribunal a triar, obligat\u00f2riament, entre dos dels indicats per a la segona part o ronda en l&#8217;ANNEX II. Aquest apartat ser\u00e0 qualificat amb una puntuaci\u00f3 de 0 a 10. L&#8217;aspirant que no aconsegu\u00eds un m\u00ednim de 5 punts quedar\u00e0 eliminat del proc\u00e9s selectiu.<\/p>\n<p>La tercera part o ronda de l&#8217;exercici consistir\u00e0 en la interpretaci\u00f3 d&#8217;una composici\u00f3 musical que pr\u00e8viament s&#8217;haja establit pel Tribunal dels relacionats per a la tercera part o ronda en l&#8217;ANNEX II. Aquest apartat ser\u00e0 qualificat amb una puntuaci\u00f3 de 0 a 10, havent d&#8217;aconseguir l&#8217;aspirant un m\u00ednim de 5 punts per a aprovar.<\/p>\n<p>L&#8217;aspirant que obtinga m\u00e9s punts, sumant les tres parts, ser\u00e0 proposat pel Tribunal com a \u00fanic aprovat, i proposat per a la contractaci\u00f3 laboral fixa.<\/p>\n<p>La resta d&#8217;aspirants que hagen superat les proves selectives per\u00f2 no hagen sigut proposats pel Tribunal com a \u00fanic aprovat, formaran part d&#8217;una Borsa de treball per a futures contractacions laborals interines o de refor\u00e7.<\/p>\n<p>Les tres parts o rondes es realitzaran amb un tel\u00f3\/paraven de fusta i\/o un altre material opac o similar que separar\u00e0 al tribunal dels aspirants i del p\u00fablic.<\/p>\n<h3>Documentaci\u00f3<\/h3>\n<p><a href=\"https:\/\/fsmcv.org\/BTnet-storage\/wp-uploads\/2018\/05\/drvisapi.pdf\" target=\"_blank\" rel=\"noopener noreferrer\">Descarrega les Bases, Fitxa d&#8217;inscripci\u00f3 i Annex amb la relaci\u00f3 d&#8217;obres. [PDF]<\/a><\/p>\n","protected":false},"excerpt":{"rendered":"<p>El termini de presentaci\u00f3 d&#8217;inst\u00e0ncies ser\u00e0 de vint dies h\u00e0bils que s&#8217;iniciar\u00e0 a partir de l&#8217;endem\u00e0 a aquell que tinguera lloc la publicaci\u00f3 de la ressenya en el Butllet\u00ed Oficial de l&#8217;Estat.<\/p>\n","protected":false},"author":2,"featured_media":0,"comment_status":"closed","ping_status":"closed","sticky":false,"template":"","format":"standard","meta":{"footnotes":""},"categories":[167],"tags":[],"class_list":["post-8859","post","type-post","status-publish","format-standard","hentry","category-noticies-del-portal-docupacio"],"_links":{"self":[{"href":"https:\/\/fsmcv.org\/vl\/wp-json\/wp\/v2\/posts\/8859","targetHints":{"allow":["GET"]}}],"collection":[{"href":"https:\/\/fsmcv.org\/vl\/wp-json\/wp\/v2\/posts"}],"about":[{"href":"https:\/\/fsmcv.org\/vl\/wp-json\/wp\/v2\/types\/post"}],"author":[{"embeddable":true,"href":"https:\/\/fsmcv.org\/vl\/wp-json\/wp\/v2\/users\/2"}],"replies":[{"embeddable":true,"href":"https:\/\/fsmcv.org\/vl\/wp-json\/wp\/v2\/comments?post=8859"}],"version-history":[{"count":0,"href":"https:\/\/fsmcv.org\/vl\/wp-json\/wp\/v2\/posts\/8859\/revisions"}],"wp:attachment":[{"href":"https:\/\/fsmcv.org\/vl\/wp-json\/wp\/v2\/media?parent=8859"}],"wp:term":[{"taxonomy":"category","embeddable":true,"href":"https:\/\/fsmcv.org\/vl\/wp-json\/wp\/v2\/categories?post=8859"},{"taxonomy":"post_tag","embeddable":true,"href":"https:\/\/fsmcv.org\/vl\/wp-json\/wp\/v2\/tags?post=8859"}],"curies":[{"name":"wp","href":"https:\/\/api.w.org\/{rel}","templated":true}]}}