{"id":9016,"date":"2018-05-25T15:47:29","date_gmt":"2018-05-25T13:47:29","guid":{"rendered":"https:\/\/fsmcv.org\/?post_type=fsmcv-noticias&#038;p=9016"},"modified":"2021-09-30T11:23:33","modified_gmt":"2021-09-30T09:23:33","slug":"musicos-valencianos-14-records-guinness-mestalla-fsmcv","status":"publish","type":"post","link":"https:\/\/fsmcv.org\/vl\/certamens\/musicos-valencianos-14-records-guinness-mestalla-fsmcv\/","title":{"rendered":"Els m\u00fasics valencians intentaran batre 14 r\u00e8cords Guinness aquest pr\u00f2xim dissabte a Mestalla convocats per la FSMCV"},"content":{"rendered":"<p>La Federaci\u00f3 de Societats Musicals de la Comunitat Valenciana (FSMCV) intentar\u00e0 batre el pr\u00f2xim dissabte 26 de maig en el camp de futbol de Mestalla (Val\u00e8ncia CF) fins a 14 Guinness World Records relacionats amb la m\u00fasica. Aquest esdeveniment, que forma part de les activitats programades per la FSMCV per a commemorar el seu 50\u00e9 aniversari, s&#8217;ha configurat com un dels de major envergadura en l&#8217;\u00e0mbit musical de la Comunitat Valenciana de tota la hist\u00f2ria i en ell est\u00e0 previst que participen al voltant de 20.000 m\u00fasics.<\/p>\n<p><a href=\"https:\/\/proticketing.com\/fsmcv_tickets\/ca_ES_valencia\/entradas\/evento\/12040\/session\/638638\/select\" target=\"_blank\" rel=\"noopener noreferrer\">Compra ja la teua entrada<\/a><\/p>\n<p><strong>En la trobada intervindr\u00e0 el president de la FSMCV, Pedro Rodr\u00edguez, i est\u00e0 prevista la pres\u00e8ncia del president de la Generalitat, Ximo Puig.<\/strong><\/p>\n<blockquote><p>\u201c<em>L&#8217;acte del dissabte \u00e9s un homenatge als m\u00fasics de la Comunitat. Volem recon\u00e8ixer a tots els m\u00fasics de les nostres Societats Musicals el seu treball, tenacitat i estudi constant. Tamb\u00e9 donar rellev\u00e0ncia a les persones que dirigeixen i que componen m\u00fasica per a les nostres unitats art\u00edstiques i a totes aquelles que han contribu\u00eft al fet que la m\u00fasica popular valenciana estiga sent reconeguda a tot el m\u00f3n<\/em>\u201d, ha afirmat Pedro Rodr\u00edguez, president de la FSMCV.<\/p><\/blockquote>\n<p>Els actes comen\u00e7aran a les 19.00h amb una desfilada de m\u00e9s de 300 bandes i 14.000 m\u00fasics de Societats Musicals de les tres prov\u00edncies amb el qual es pret\u00e9n aconseguir el primer Guinness, en aquest cas a la \u201cMajor desfilada de bandes de m\u00fasica de la hist\u00f2ria\u201d. Aquestes, partiran des de carrers adjacents a Mestalla (Passeig de l&#8217;Albereda, Prevalgut Reig, Av. Blasco Ib\u00e1\u00f1ez, etc.) que oportunament s&#8217;anunciaran fins a concloure el seu recorregut en les rodalies del camp del futbol del Val\u00e8ncia CF.<\/p>\n<p>Una vegada en l&#8217;estadi l&#8217;espectacle comen\u00e7ar\u00e0 a les 21:00 h amb la m\u00fasica del grup valenci\u00e0 VaDeBo. Despr\u00e9s, a les 21:30, est\u00e0 previst que les tres bandes municipals d&#8217;Alacant, Castell\u00f3 i Val\u00e8ncia, com a referents band\u00edstics de la Comunitat siguen les \u00faniques que desfilen per la gespa de Mestalla interpretant peces del seu repertori tradicional.<\/p>\n<h3>Consecuci\u00f3 de 13 Guinness World R\u00e8cords m\u00e9s a Mestalla<\/h3>\n<p>Posteriorment, comen\u00e7ar\u00e0 el gran moment de la nit en el qual s&#8217;intentaran batre 13 R\u00e8cords Guinness m\u00e9s, fet que mai s&#8217;ha realitzat fins al moment i que t\u00e9 com objectiu demostrar al m\u00f3n per qu\u00e8 la Comunitat \u00e9s reconeguda internacionalment com a terra de m\u00fasics. Aquests Guinness s\u00f3n al:<\/p>\n<p>&#8211; Major ensemble de fagots<br \/>\n&#8211; Major ensemble de saxofons<br \/>\n&#8211; Mayor ensemble d&#8217;obo\u00e8s<br \/>\n&#8211; Major ensemble de flautes<br \/>\n&#8211; Major ensemble de trompes<br \/>\n&#8211; Major ensemble de trompetes<br \/>\n&#8211; Major ensemble de trombons<br \/>\n&#8211; Major ensemble de fliscorns<br \/>\n&#8211; Mayor ensemble de tubes<br \/>\n&#8211; Major ensemble de bombardins<br \/>\n&#8211; Mayor ensemble de clarinets<\/p>\n<p>Per a la consecuci\u00f3 d&#8217;aquests r\u00e8cords, alumnes de composici\u00f3 del Conservatori Superior de M\u00fasica de Val\u00e8ncia (D\u00eddac Bosch i Isidro J. Mart\u00ednez) i compositors ja consagrats com Sa\u00fcl G\u00f3mez i Andr\u00e9s Valero-Castells, han prestat, compost o arreglat obres pr\u00f2pies i d&#8217;altres compositors i compositores valencians, des del barroc fins als nostres dies, per a retre homenatge a la m\u00fasica valenciana en general i ser interpretades en aquesta ocasi\u00f3 tan especial. Valero-Castells ha coordinat a tot aquest equip com a Catedr\u00e0tic de composici\u00f3 del Conservatori Superior de Val\u00e8ncia. La direcci\u00f3 de cada ensemble ser\u00e0 a c\u00e0rrec dels citats a qui s&#8217;unir\u00e0 la jove directora Marita Primo.<\/p>\n<p>El 13\u00e9 Guinness que la FSMCV s&#8217;ha proposat batre \u00e9s al \u201cMajor ensemble de percussi\u00f3 corporal\u201d. Per aconseguir-ho, es realitzar\u00e0 l&#8217;estrena absoluta de l&#8217;obra per a percussi\u00f3 corporal <em>Som cos, som foc, som so<\/em> creada per a l&#8217;ocasi\u00f3 pel reconegut compositor d&#8217;Aielo de Malferit i fama internacional Lloren\u00e7 Barber, que ser\u00e0 interpretada pels 20.000 m\u00fasics presents, sota la direcci\u00f3 d&#8217;\u00d3scar Vidal.<\/p>\n<p>El 14\u00e9 Guinness que s&#8217;intentar\u00e0 aconseguir ser\u00e0 a la \u201cBanda de m\u00fasica m\u00e9s gran del m\u00f3n\u201d. Per a a\u00e7\u00f2, la FSMCV necessita reunir a un m\u00ednim de 20.101 m\u00fasics (aquest R\u00e8cord ho ostenta actualment una entitat musical d&#8217;Estocolm amb 20.100). Tots els m\u00fasics presents a Mestalla tocaran junt a la Jove Banda Simf\u00f2nica de la FSMCV el 3r Mov. (<em>Interludio sobre un latido<\/em>) de l&#8217;obra Cardiofon\u00eda (2010&#8212;AV76) i <em>Oval<\/em>, ambdues composicions d&#8217;Andr\u00e9s Valero-Castells que, a m\u00e9s, ser\u00e0 el director d&#8217;aquesta multitudin\u00e0ria banda formada per a la consecuci\u00f3 d&#8217;aquest Guinness.<\/p>\n<p>Per a la certificaci\u00f3 dels R\u00e8cords i el control dels assistents, la FSMCV comptar\u00e0 amb la participaci\u00f3 del magistrat Jos\u00e9 Mar\u00eda Tom\u00e1s i T\u00edo, president de la secci\u00f3 segona de l&#8217;Audi\u00e8ncia Provincial de Val\u00e8ncia, de la Fundaci\u00f3 per la Just\u00edcia i del Tribunal Internacional per a l&#8217;aplicaci\u00f3 de la Just\u00edcia Restaurativa a El Salvador, tamb\u00e9 amb l&#8217;Auditor acreditat en el ROAC Ignacio A. Benedito Cerc\u00f3s i de m\u00e9s de 500 voluntaris supervisors-controladors (cadascun d&#8217;ells ha d&#8217;encarregar-se de controlar grups de 50 m\u00fasics per a certificar que efectivament participen activament en la consecuci\u00f3 del r\u00e8cord).<\/p>\n<p><a href=\"https:\/\/proticketing.com\/fsmcv_tickets\/ca_ES_valencia\/entradas\/evento\/12040\/session\/638638\/select\" target=\"_blank\" rel=\"noopener noreferrer\">Compra ja la teua entrada<\/a><\/p>\n<h3>Un espectacle sense precedents per i per a la m\u00fasica valenciana<\/h3>\n<p>En l&#8217;esdeveniment organitzat per la FSMCV es posar\u00e0 en valor la m\u00fasica valenciana en un sentit ampli. Repertori de compositors valencians des del barroc fins als nostres dies per a aconseguir els Guinness amb uns ensembles d&#8217;instruments que estaran dirigits per directors tamb\u00e9 valencians.<\/p>\n<p>D&#8217;altra banda, i per a retre homenatge a aquests 50 anys de la FSMCV, es dur\u00e0 a terme l&#8217;estrena mundial de <em>Marxa Federal<\/em>, obra realitzada per a l&#8217;ocasi\u00f3 pel compositor Bernardo Adam Ferrero, i que ser\u00e0 interpretada per la Jove Banda Simf\u00f2nica de la FSMCV sota la batuta de Crist\u00f3bal Soler.<\/p>\n<p>Juntament amb a\u00e7\u00f2, l&#8217;esdeveniment comptar\u00e0 amb algunes sorpreses i moments m\u00e0gics durant la nit com seran l&#8217;actuaci\u00f3 del grup valenci\u00e0 VaDeBo, Cashalada i de la cantant Sole Gim\u00e9nez que actuar\u00e0 junt a la Jove Banda Simf\u00f2nica de la FSMCV sota la direcci\u00f3 de Sa\u00fcl G\u00f3mez.<\/p>\n<p>A m\u00e9s, per a l&#8217;ocasi\u00f3 Xarxa Teatre ha creat l&#8217;espectacle \u201cLes Fades de la M\u00fasica\u201d que omplir\u00e0 de m\u00e0gia, llum i grandiositat la gespa de Mestalla.<\/p>\n<p>Per a l&#8217;assist\u00e8ncia a l&#8217;esdeveniment s&#8217;han disposat a la disposici\u00f3 del p\u00fablic 11.000 entrades amb preus que varien des dels 6\u20ac fins als 10\u20ac i que poden adquirir-se des del seg\u00fcent enlla\u00e7: <a href=\"https:\/\/proticketing.com\/fsmcv_tickets\/es_ES\/entradas\/evento\/12040\/session\/638638\/select\" target=\"_blank\" rel=\"noopener noreferrer\">https:\/\/proticketing.com\/fsmcv_tickets\/es_es\/entradas\/evento\/12040\/session\/638638\/select<\/a><\/p>\n<p>Els actes de celebraci\u00f3 del 50\u00e9 aniversari de la FSMCV compten amb la col\u00b7laboraci\u00f3 de la Generalitat Valenciana, a trav\u00e9s de l&#8217;Institut Valenci\u00e0 de Cultura i Presid\u00e8ncia, de les tres Diputacions provincials i els Ajuntaments d&#8217;Alacant, Val\u00e8ncia i Castell\u00f3, aix\u00ed com de Bankia i altres patrocinadors privats.<\/p>\n<p>Actualment, la FSMCV est\u00e0 formada per 549 Societats Musicals, m\u00e9s de 200.000 socis, 40.000 m\u00fasics federats, m\u00e9s de 4.200 professors, 600 centres educatius i m\u00e9s de 60.000 alumnes.<\/p>\n<p><a href=\"https:\/\/proticketing.com\/fsmcv_tickets\/ca_ES_valencia\/entradas\/evento\/12040\/session\/638638\/select\" target=\"_blank\" rel=\"noopener noreferrer\">Compra ja la teua entrada<\/a><\/p>\n<h3>Documentaci\u00f3<\/h3>\n<p><a href=\"https:\/\/fsmcv.org\/BTnet-storage\/wp-uploads\/2018\/05\/Anexo_Timming-acto-FSMCV-Mestalla-rev-Pedro.pdf\" target=\"_blank\" rel=\"noopener noreferrer\">Descarrega el timming de l&#8217;acte de Mestalla del 26 de maig. [PDF]<\/a><br \/>\n<a href=\"https:\/\/fsmcv.org\/BTnet-storage\/wp-uploads\/2018\/05\/Anexo_Mas-informacion.pdf\" target=\"_blank\" rel=\"noopener noreferrer\">Descarrega el dossier amb informaci\u00f3 sobre l&#8217;espectacle de Xarxa Teatre, &#8220;Les fades de la m\u00fasica&#8221;, l&#8217;espectacle de Cashalada, ressenya biogr\u00e0fica del compositor Lloren\u00e7 Barber i ressenya biogr\u00e0fica del compositor Crist\u00f3bal Soler. [PDF]<\/a><\/p>\n<p>&nbsp;<\/p>\n<hr \/>\n<p><em>Imatge: VCFDigital<\/em><\/p>\n","protected":false},"excerpt":{"rendered":"<p>Coneix el programa complet de l&#8217;acte i compra ja la teua entrada per a assistir.<\/p>\n","protected":false},"author":2,"featured_media":0,"comment_status":"closed","ping_status":"closed","sticky":false,"template":"","format":"standard","meta":{"footnotes":""},"categories":[234],"tags":[],"class_list":["post-9016","post","type-post","status-publish","format-standard","hentry","category-certamens"],"_links":{"self":[{"href":"https:\/\/fsmcv.org\/vl\/wp-json\/wp\/v2\/posts\/9016","targetHints":{"allow":["GET"]}}],"collection":[{"href":"https:\/\/fsmcv.org\/vl\/wp-json\/wp\/v2\/posts"}],"about":[{"href":"https:\/\/fsmcv.org\/vl\/wp-json\/wp\/v2\/types\/post"}],"author":[{"embeddable":true,"href":"https:\/\/fsmcv.org\/vl\/wp-json\/wp\/v2\/users\/2"}],"replies":[{"embeddable":true,"href":"https:\/\/fsmcv.org\/vl\/wp-json\/wp\/v2\/comments?post=9016"}],"version-history":[{"count":0,"href":"https:\/\/fsmcv.org\/vl\/wp-json\/wp\/v2\/posts\/9016\/revisions"}],"wp:attachment":[{"href":"https:\/\/fsmcv.org\/vl\/wp-json\/wp\/v2\/media?parent=9016"}],"wp:term":[{"taxonomy":"category","embeddable":true,"href":"https:\/\/fsmcv.org\/vl\/wp-json\/wp\/v2\/categories?post=9016"},{"taxonomy":"post_tag","embeddable":true,"href":"https:\/\/fsmcv.org\/vl\/wp-json\/wp\/v2\/tags?post=9016"}],"curies":[{"name":"wp","href":"https:\/\/api.w.org\/{rel}","templated":true}]}}