{"id":9038,"date":"2018-05-24T13:16:42","date_gmt":"2018-05-24T11:16:42","guid":{"rendered":"https:\/\/fsmcv.org\/?post_type=fsmcv-noticias&#038;p=9038"},"modified":"2021-03-29T16:41:19","modified_gmt":"2021-03-29T14:41:19","slug":"entrevista-sole-gimenez-50-aniversario-fsmcv-mestalla","status":"publish","type":"post","link":"https:\/\/fsmcv.org\/vl\/50-aniversari\/entrevista-sole-gimenez-50-aniversario-fsmcv-mestalla\/","title":{"rendered":"&#8220;Anime a tots a que vinguen dissabte 26 de maig a Mestalla&#8221;"},"content":{"rendered":"<p>La cantant Sole Gim\u00e9nez posseeix una de les veus m\u00e9s reconegudes i benvolgudes dins de l&#8217;univers de les veus llatines gr\u00e0cies a la seua qualitat, la seua emocionant calidesa i la seua inconfusible personalitat.<\/p>\n<p>Nascuda a Par\u00eds (Fran\u00e7a) i establida a Val\u00e8ncia, Sole porta m\u00e9s de trenta anys de carrera en els quals no ha deixat d&#8217;evolucionar i cr\u00e9ixer en la seua dimensi\u00f3 art\u00edstica i musical, sent en aquest moment una de les veus m\u00e9s elegants, vers\u00e0tils i amb m\u00e9s carisma en llengua espanyola.<\/p>\n<p>La que f\u00f3ra veu de l&#8217;exit\u00f3s grup Presuntos Implicados durant m\u00e9s de dues d\u00e8cades, en el qual junt als seus companys entre altres fites, van arribar a vendre tres milions de discos, porta ja onze anys de carrera com a solista i publicava en la primavera del 2017 el seu vuit\u00e8 \u00e0lbum, un llibre disc titulat <em>Los Hombres Sensibles<\/em> amb la col\u00b7laboraci\u00f3 de grans artistes masculins.<\/p>\n<p>El pr\u00f2xim dissabte 26 de maig s&#8217;unir\u00e0 a la celebraci\u00f3 del 50\u00e9 aniversari de la FSMCV en l&#8217;acte que tindr\u00e0 lloc a Mestalla en homenatge als m\u00fasics i on tractarem de batre fins a 15 Guinness World Records. Sole Gim\u00e9nez actuar\u00e0 amb la Jove Banda Simf\u00f2nica de la Federaci\u00f3 de Societats Musicals de la Comunitat Valenciana sota la direcci\u00f3 de Sa\u00fcl G\u00f3mez i hem volgut entrevistar-la abans del gran moment.<\/p>\n<h3>Entrevista<\/h3>\n<p><em>Durant aquest \u00faltim any est\u00e0s presentat el disc <\/em>Los Hombres Sensibles<em>, un excel\u00b7lent treball en el qual has col\u00b7laborat amb algunes de les millors veus del pop espanyol: Victor Manuel, Pedro Guerra, Carlos Go\u00f1\u00ed o Dani Mart\u00edn. Com est\u00e0 funcionant el disc?<\/em><\/p>\n<p>El disc ha funcionat bastant b\u00e9 durant tot l&#8217;any. Seguim fent concerts amb el repertori del disc i la veritat \u00e9s que all\u00e0 on anem la gent ho pren molt b\u00e9 i tot aquell que s&#8217;ha acostat al disc ho ha disfrutat molt\u00edssim aix\u00ed que no puc estar m\u00e9s que contenta.<\/p>\n<p><em>En la teua dilatada traject\u00f2ria no \u00e9s la primera vegada que participes en una actuaci\u00f3 acompanyada de bandes o orquestres: a m\u00e9s de les hist\u00f2riques col\u00b7laboracions amb la Seda Jazz Big Band has treballat amb l&#8217;Orquestra de la RTVE, l&#8217;Orquestra de la Ciutat de M\u00farcia o l&#8217;Orquestra d&#8217;Extremadura. Com es preparen aquestes actuacions? Difereixen molt d&#8217;un concert en solitari?<\/em><\/p>\n<p>La veritat \u00e9s que \u00e9s molt diferent preparar-se una actuaci\u00f3 amb orquestra o amb banda ja que \u00e9s una altra instrumentaci\u00f3, hi ha menys possibilitat d&#8217;error, est\u00e0 tot molt m\u00e9s mesurat i per a\u00e7\u00f2 s&#8217;han de preparar mes a consci\u00e8ncia. Per\u00f2 despr\u00e9s en definitiva al final \u00e9s m\u00fasica i tots entenem un poc eixe llenguatge, estem ac\u00ed per a\u00e7\u00f2 i resulta molt agradable siga banda, orquestra simf\u00f2nica&#8230; Resulta tremendament agradable tocar amb diferents formacions.<\/p>\n<p><em>A Mestalla actuar\u00e0s juntament amb la Banda Federal de la FSMCV, dirigida per Sa\u00fcl G\u00f3mez i formada per joves entre 18 i 28 anys. Com \u00e9s l&#8217;experi\u00e8ncia de treballar amb aquestes joves promeses de la m\u00fasica?<\/em><\/p>\n<p>En aquest moment encara no he tingut l&#8217;oportunitat de trobar-me amb la banda de la Federaci\u00f3, per\u00f2 em fa molt\u00edssima il\u00b7lusi\u00f3 perqu\u00e8 sent tan joves van a tocar amb molt\u00edssima alegria i molt\u00edssima energia i per aix\u00f2 m&#8217;abellix molt, per la sang nova que ells aporten, ja que \u00e9s molt necess\u00e0ria per a la m\u00fasica. Vaig a estar feli\u00e7 d&#8217;estar envoltada d&#8217;aquests joves talents.<\/p>\n<p><em>Qu\u00e8 ens pots avan\u00e7ar de l&#8217;espectacle que veurem el pr\u00f2xim 26 de maig?<\/em><\/p>\n<p>Jo tinc la sort de fer un parell de temes amb la banda, que crec que van a sonar espectacularment. A m\u00e9s tenim els arranjaments de David Postiguillo i crec que van a quedar molt b\u00e9. La resta de l&#8217;espectacle no s\u00e9 com ser\u00e0 per\u00f2 estic segura que ser\u00e0 igual de grandi\u00f3s.<\/p>\n<p><em>Finalment, qu\u00e8 li diries a tot el p\u00fablic que encara no t\u00e9 la seua entrada i est\u00e0 dubtant si acudir el pr\u00f2xim 26 a Mestalla?<\/em><\/p>\n<p>Crec que el p\u00fablic hauria de vindre perqu\u00e8 ser\u00e0 un espectacle excepcional, \u00fanic, irrepetible, en aquesta comunitat hi ha molt\u00edssims m\u00fasics per\u00f2 reunir a tants alhora&#8230; Aix\u00f2 ser\u00e0 extraordinari, aix\u00ed que els anime a tots a que vinguen a veure-ho el dissabte 26 a Mestalla.<\/p>\n<p><em>Moltes gr\u00e0cies!<\/em><\/p>\n<div style=\"width: 720px;\" class=\"wp-video\"><video class=\"wp-video-shortcode\" id=\"video-9038-1\" width=\"720\" height=\"720\" preload=\"metadata\" controls=\"controls\"><source type=\"video\/mp4\" src=\"https:\/\/fsmcv.org\/BTnet-storage\/wp-uploads\/2018\/05\/SOLE-FEDERACION.mp4?_=1\" \/><a href=\"https:\/\/fsmcv.org\/BTnet-storage\/wp-uploads\/2018\/05\/SOLE-FEDERACION.mp4\">https:\/\/fsmcv.org\/BTnet-storage\/wp-uploads\/2018\/05\/SOLE-FEDERACION.mp4<\/a><\/video><\/div>\n","protected":false},"excerpt":{"rendered":"<p>Entrevistem Sole Gim\u00e9nez abans de la seua actuaci\u00f3 el 26 de maig a Mestalla junt a la Jove Banda Simf\u00f2nica de la FSMCV i sota la direcci\u00f3 de Sa\u00fcl G\u00f3mez en l&#8217;acte d&#8217;homenatge als m\u00fasics pel 50\u00e9 aniversari de la Federaci\u00f3.<\/p>\n","protected":false},"author":2,"featured_media":0,"comment_status":"closed","ping_status":"closed","sticky":false,"template":"","format":"standard","meta":{"footnotes":""},"categories":[76],"tags":[],"class_list":["post-9038","post","type-post","status-publish","format-standard","hentry","category-50-aniversari"],"_links":{"self":[{"href":"https:\/\/fsmcv.org\/vl\/wp-json\/wp\/v2\/posts\/9038","targetHints":{"allow":["GET"]}}],"collection":[{"href":"https:\/\/fsmcv.org\/vl\/wp-json\/wp\/v2\/posts"}],"about":[{"href":"https:\/\/fsmcv.org\/vl\/wp-json\/wp\/v2\/types\/post"}],"author":[{"embeddable":true,"href":"https:\/\/fsmcv.org\/vl\/wp-json\/wp\/v2\/users\/2"}],"replies":[{"embeddable":true,"href":"https:\/\/fsmcv.org\/vl\/wp-json\/wp\/v2\/comments?post=9038"}],"version-history":[{"count":0,"href":"https:\/\/fsmcv.org\/vl\/wp-json\/wp\/v2\/posts\/9038\/revisions"}],"wp:attachment":[{"href":"https:\/\/fsmcv.org\/vl\/wp-json\/wp\/v2\/media?parent=9038"}],"wp:term":[{"taxonomy":"category","embeddable":true,"href":"https:\/\/fsmcv.org\/vl\/wp-json\/wp\/v2\/categories?post=9038"},{"taxonomy":"post_tag","embeddable":true,"href":"https:\/\/fsmcv.org\/vl\/wp-json\/wp\/v2\/tags?post=9038"}],"curies":[{"name":"wp","href":"https:\/\/api.w.org\/{rel}","templated":true}]}}