{"id":9045,"date":"2018-05-24T18:27:28","date_gmt":"2018-05-24T16:27:28","guid":{"rendered":"https:\/\/fsmcv.org\/?post_type=fsmcv-noticias&#038;p=9045"},"modified":"2021-09-30T11:23:27","modified_gmt":"2021-09-30T09:23:27","slug":"recorrido-desfile-bandas-musica-mestalla","status":"publish","type":"post","link":"https:\/\/fsmcv.org\/vl\/certamens\/recorrido-desfile-bandas-musica-mestalla\/","title":{"rendered":"Aix\u00ed ser\u00e0 el recorregut de la multitudin\u00e0ria desfilada que protagonitzaran les bandes de m\u00fasica als voltants del Mestalla"},"content":{"rendered":"<p>Nom\u00e9s falten dos dies perqu\u00e8 el dissabte 26 de maig la Federaci\u00f3 de Societats Musicals de la Comunitat Valenciana (FSMCV) intente batre a Mestalla fins a 14 Guinness World Records relacionats amb la m\u00fasica. Aquest esdeveniment, que comen\u00e7ar\u00e0 a les 21:00h, forma part dels actes que ha organitzat la FSMCV per a commemorar el seu 50\u00e9 aniversari, i s&#8217;ha configurat com un dels de major envergadura en l&#8217;\u00e0mbit musical de la Comunitat Valenciana de tota la hist\u00f2ria gr\u00e0cies a l&#8217;esperada participaci\u00f3 d&#8217;al voltant de 20.000 m\u00fasics.<\/p>\n<p>Pr\u00e8viament es dur\u00e0 a terme una desfilada a partir de les 19:00h amb m\u00e9s de 300 bandes i 14.000 m\u00fasics pertanyents a Societats Musicals de les tres prov\u00edncies, amb el qual es pret\u00e9n aconseguir el r\u00e8cord Guinness a la \u201cMajor desfilada de bandes de m\u00fasica de la hist\u00f2ria\u201d. Per a a\u00e7\u00f2 s&#8217;han organitzat diferents rutes que partiran des dels carrers adjacents al camp de futbol del Val\u00e8ncia CF i que culminaran a l&#8217;exterior de Mestalla.<\/p>\n<h3>Recorreguts<\/h3>\n<h4>Ruta 1<\/h4>\n<p>El recorregut de la ruta 1 partir\u00e0 des de la intersecci\u00f3 d&#8217;Avinguda Arag\u00f3 amb Albereda i finalitzar\u00e0 en la intersecci\u00f3 d&#8217;Albereda amb el carrer Doctor Joan Regl\u00e1.<\/p>\n<p>En aquest recorregut participaran les bandes de les seg\u00fcents Societats Musicals: Societat Uni\u00f3 Musical d&#8217;Alberic, Agrupaci\u00f3n Musical Santa Cecilia de Castalla, Asociaci\u00f3n Musical Daimunense, Agrupaci\u00f3 Musical Santa Cec\u00edlia d&#8217;Ador, Uni\u00f3 Musical Santa Cec\u00edlia de Rafelcofer, Uni\u00f3 Musical &#8216;La Raboseta&#8217; d&#8217;Otos, Agrupaci\u00f3 Escola Musical &#8216;La Nova&#8217; de l&#8217;Olleria, Uni\u00f3 Musical de la Pobla del Duc, Asociaci\u00f3 Musical Canalense, Cultural Instructiva Uni\u00f3n Musical Genovense, Asociaci\u00f3 Musical Barrio del Cristo de Quart de Poblet, Banda Primitiva de Benet\u00fasser, Uni\u00f3n Musical el Rafol de Salem, Sociedad Musical San Francisco de Paula de Bolbaite, Societat Banda de M\u00f9sica &#8216;La Pau&#8217; de Beneixama, Societat Musical Lira Castellonera de Villanueva de Castell\u00f3n, Agrupaci\u00f3 Musical La Rectoria de Benimeli, Uni\u00f3 Musical de Gata de Gorgos, Centre Art\u00edstic Musical de X\u00e0bia, Ateneo Musical &#8216;Maestro Gilabert&#8217; de Aspe, Sociedad Uni\u00f3n Musical La Aurora de Albatera, Sociedad Uni\u00f3n Musical de Almorad\u00ed, Sociedad Uni\u00f3n Musical &#8216;La Art\u00edstica&#8217; de Novelda y la Uni\u00f3n Musical Santa Cecilia de Castellar-Oliveral.<\/p>\n<p><a href=\"https:\/\/fsmcv.org\/BTnet-storage\/wp-uploads\/2018\/05\/ruta1.pdf\" target=\"_blank\" rel=\"noopener noreferrer\">Hist\u00f2ria de las Societats Musicals participants en aquesta desfilada<\/a> extretes de l&#8217;obra <em>Les\u00a0Bandes\u00a0de M\u00fasica de la Comunitat Valenciana. Valencia: Editorial Gules, 2014. M\u00e1s informaci\u00f3n: <a href=\"http:\/\/www.lasbandasdemusica.com\" target=\"_blank\" rel=\"noopener noreferrer\">www.lasbandasdemusica.com<\/a><\/em><\/p>\n<p>M\u00e9s informaci\u00f3: <a href=\"https:\/\/musicaipoble.fsmcv.org\/vl\/evento-227\" target=\"_blank\" rel=\"noopener noreferrer\">https:\/\/musicaipoble.fsmcv.org\/vl\/evento-227<\/a><\/p>\n<p><img fetchpriority=\"high\" decoding=\"async\" class=\"aligncenter size-large wp-image-9047\" src=\"https:\/\/fsmcv.org\/BTnet-storage\/wp-uploads\/2018\/05\/sueltos1-1004x1024.jpg\" alt=\"\" width=\"1004\" height=\"1024\" title=\"\"><\/p>\n<p>&nbsp;<\/p>\n<h4>Ruta 2<\/h4>\n<p>El recorregut de la ruta 2 s&#8217;iniciar\u00e0 en la intersecci\u00f3 del carrer General Gil Dolz amb l&#8217;Albereda i arribar\u00e0 a la seua fi en la intersecci\u00f3 de l&#8217;Avinguda Su\u00e8cia amb el carrer Doctor Joan Regl\u00e1.<\/p>\n<p>Les bandes que participaran en aquest recorregut pertanyen a les seg\u00fcents Societats Musicals: Uni\u00f3n Musical de Godelleta, Fomento Musical de Navarr\u00e9s, Agrupaci\u00f3 Musical &#8216;Els Majors de l&#8217;Horta Sud&#8217; d&#8217;Aldaia, Centre Instructiu Musical d&#8217;Alfafar, Sociedad Art\u00edstica y Cultural Uni\u00f3n Musical de Benet\u00fasser, Uni\u00f3n Musical Santa Cec\u00edlia de Canals, Uni\u00f3n Musical &#8216;Llanera de Ranes&#8217;, Uni\u00f3 Musical de Montesa, Agrupaci\u00f3 Musical d&#8217;Alfauir, Uni\u00f3 Art\u00edstico Musical &#8216;Sant Francesc de Borja&#8217; de Gandia, Uni\u00f3 Musical de Real de Gandia, Lira Musical Salem, Societat Musical La Primitiva de Palomar, Societat Escola Musical &#8216;Sta. Cec\u00edlia&#8217; de l&#8217;Olleria, Uni\u00f3 Musica de Llutxent, Societat Musical &#8216;La Lira&#8217; Quatretonda, Agrupaci\u00f3 Musical Enovense de l&#8217;Enova, Centro Instructivo Musical de Onil, Sociedad L\u00edrico Musical de Benissa, Uni\u00f3 Musical Orbense d&#8217;Orba, Uni\u00f3n Musical de Benidorm, Sociedad Musical La Lira de l&#8217;Alf\u00e0s del P\u00ed, Sociedad Uni\u00f3n Musical Algue\u00f1ense, Uni\u00f3n L\u00edrica Pinosense y la Societat Musical Barri de Malilla de Val\u00e8ncia.<\/p>\n<p><a href=\"https:\/\/fsmcv.org\/BTnet-storage\/wp-uploads\/2018\/05\/ruta2.pdf\" target=\"_blank\" rel=\"noopener noreferrer\">Hist\u00f2ria de las Societats Musicals participants en aquesta desfilada<\/a> extretes de l&#8217;obra <em>Les\u00a0Bandes\u00a0de M\u00fasica de la Comunitat Valenciana. Valencia: Editorial Gules, 2014. M\u00e1s informaci\u00f3n: <a href=\"http:\/\/www.lasbandasdemusica.com\" target=\"_blank\" rel=\"noopener noreferrer\">www.lasbandasdemusica.com<\/a><\/em><\/p>\n<p>M\u00e9s informaci\u00f3: <a href=\"https:\/\/musicaipoble.fsmcv.org\/vl\/evento-228\" target=\"_blank\" rel=\"noopener noreferrer\">https:\/\/musicaipoble.fsmcv.org\/vl\/evento-228<\/a><\/p>\n<p><img decoding=\"async\" class=\"aligncenter size-large wp-image-9048\" src=\"https:\/\/fsmcv.org\/BTnet-storage\/wp-uploads\/2018\/05\/sueltos2-1004x1024.jpg\" alt=\"\" width=\"1004\" height=\"1024\" title=\"\"><\/p>\n<p>&nbsp;<\/p>\n<h4>Ruta 3<\/h4>\n<p>El recorregut de la ruta 3 comen\u00e7ar\u00e0 en la intersecci\u00f3 del carrer Armando Palacio Vald\u00e9s amb l&#8217;Albereda, i transcorrer\u00e0 pels carrers Amadeo de Savoia, carrer del Naturalista Rafael Cisneres i el carrer Micer Masc\u00f3, per finalitzar en l&#8217;Avinguda Su\u00e8cia.<\/p>\n<p>En aquesta ruta seran protagonistes les bandes de les seg\u00fcents Societats Musicals: Societat Musical d&#8217;Alzira, La Filharm\u00f2nica Alcudiana, Societat Musical L&#8217;Artesana de Catarroja, Agrupaci\u00f3n Musical Orba de Alfafar, Agrupaci\u00f3 Musical &#8216;Santa Cecilia&#8217; de Sedav\u00ed, Uni\u00f3 Musical d&#8217;Alaqu\u00e0s, Uni\u00f3 Musical d&#8217;Aldaia, Centre Instructiu Musical de Beniparrell, Asociaci\u00f3n Cultural &#8216;La Democr\u00e1tica&#8217; de Pedralba, Societat Musical de Novetle, Sociedad Musical La Magdalena de Tibi, Societat Uni\u00f3 Musical de La Canyada, Agrupaci\u00f3 M\u00fasicomunicipal De Sta. M\u00aa Magdalena El Poble Nou de Benitatxell, Centro Art\u00edstico Musical de Pedreguer, Uni\u00f3n Musical de Hond\u00f3n de Las Nieves, Sociedad Uni\u00f3n Musical de Dolores, Asociaci\u00f3n Musical La Sinf\u00f3nica de Crevillent, Sociedad Musical &#8216;La Arm\u00f3nica&#8217; de Cox, Sociedad Musical Lira Orxetana, Societat Musical &#8216;La Nova&#8217; de Benidorm, Societat Instructiu Musical de El Palmar, La Rotovense Musical de Rotova, Associaci\u00f3 Musical L&#8217;Almoina de Almoines, Centre Musical de Beniopa (Gandia), Uni\u00f3n Musical Utielana i la Asociaci\u00f3n Cultural Banda de M\u00fasica &#8216;El \u00c1ngel&#8217; (Caudete de las Fuentes).<\/p>\n<p><a href=\"https:\/\/fsmcv.org\/BTnet-storage\/wp-uploads\/2018\/05\/ruta3.pdf\" target=\"_blank\" rel=\"noopener noreferrer\">Hist\u00f2ria de las Societats Musicals participants en aquesta desfilada<\/a> extretes de l&#8217;obra <em>Les\u00a0Bandes\u00a0de M\u00fasica de la Comunitat Valenciana. Valencia: Editorial Gules, 2014. M\u00e1s informaci\u00f3n: <a href=\"http:\/\/www.lasbandasdemusica.com\" target=\"_blank\" rel=\"noopener noreferrer\">www.lasbandasdemusica.com<\/a><\/em><\/p>\n<p>M\u00e9s informaci\u00f3: <a href=\"https:\/\/musicaipoble.fsmcv.org\/vl\/evento-229\" target=\"_blank\" rel=\"noopener noreferrer\">https:\/\/musicaipoble.fsmcv.org\/vl\/evento-229<\/a><\/p>\n<p><img decoding=\"async\" class=\"aligncenter size-large wp-image-9049\" src=\"https:\/\/fsmcv.org\/BTnet-storage\/wp-uploads\/2018\/05\/sueltos3-1004x1024.jpg\" alt=\"\" width=\"1004\" height=\"1024\" title=\"\"><\/p>\n<p>&nbsp;<\/p>\n<h3>Ruta 4<\/h3>\n<p>El recorregut de la ruta 4 eixir\u00e0 des de la intersecci\u00f3 del carrer Micer Masc\u00f3 amb Albereda i transcorrer\u00e0 pel carrer Micer Masc\u00f3 fins a finalitzar en l&#8217;Avinguda Su\u00e8cia.<\/p>\n<p>Participaran en aquesta ruta les bandes pertanyents a les seg\u00fcents Societats Musicals: Ateneo Musical y de Ense\u00f1anza &#8216;Banda Primitiva&#8217; de Lliria, Societat &#8216;Uni\u00f3 Musical&#8217; de Catarroja, Centre Instructiu Musical de Massanassa, Banda Sinf\u00f3nica d&#8217;Aldaia, Societat Musical Santa Cec\u00edlia de Naquera, Uni\u00f3 Musical Valladina de Vallada, Agrupaci\u00f3n Art\u00edstico Musical Carr\u00f3s de la Font d&#8217;en Carr\u00f2s, Agrupaci\u00f3 Musical de Vilallonga, Agrupaci\u00f3 Art\u00edstico Musical &#8216;Ausias March&#8217; de Beniarj\u00f2, Sociedad Musical de Ademuz, Sociedad M\u00fasico-Cultural La Yesa, Sociedad Musical La Popular de Pedralba, Sociedad Musical Santa Cecilia de Chelva, Uni\u00f3n Musical De Venta del Moro, Centro Musical &#8216;Los Corrales&#8217; de los Corrales de Utiel, Societat Musical Cultural d&#8217;Alcoleja, Uni\u00f3 Musical &#8216;El X\u00faquer&#8217; de Sumac\u00e0rcer, Sociedad Musical de Tous, Uni\u00f3 Musical de Gavarda, Societat Musical l&#8217;Armonia de Montroi, Societat Protectora Musical &#8216;La Lira&#8217; d&#8217;Alfarp, Uni\u00f3n Musical de San Miguel de Salinas, Sociedad Musical &#8216;Ciudad de Torrevieja&#8217;, Uni\u00f3n Musical Ciudad de Asis de Alicante, Sociedad Musical &#8216;La Paz&#8217; de Sant Joan d&#8217;Alacant y la Banda De M\u00fasica de Campanar Valencia.<\/p>\n<p><a href=\"https:\/\/fsmcv.org\/BTnet-storage\/wp-uploads\/2018\/05\/ruta-4.pdf\" target=\"_blank\" rel=\"noopener noreferrer\">Hist\u00f2ria de las Societats Musicals participants en aquesta desfilada<\/a> extretes de l&#8217;obra <em>Les\u00a0Bandes\u00a0de M\u00fasica de la Comunitat Valenciana. Valencia: Editorial Gules, 2014. M\u00e1s informaci\u00f3n: <a href=\"http:\/\/www.lasbandasdemusica.com\" target=\"_blank\" rel=\"noopener noreferrer\">www.lasbandasdemusica.com<\/a><\/em><\/p>\n<p>M\u00e9s informaci\u00f3: <a href=\"https:\/\/musicaipoble.fsmcv.org\/vl\/evento-230\" target=\"_blank\" rel=\"noopener noreferrer\">https:\/\/musicaipoble.fsmcv.org\/vl\/evento-230<\/a><\/p>\n<p><img loading=\"lazy\" decoding=\"async\" class=\"aligncenter size-large wp-image-9050\" src=\"https:\/\/fsmcv.org\/BTnet-storage\/wp-uploads\/2018\/05\/sueltos4-1004x1024.jpg\" alt=\"\" width=\"1004\" height=\"1024\" title=\"\"><\/p>\n<p>&nbsp;<\/p>\n<h4>Ruta 5<\/h4>\n<p>El recorregut de la ruta 5 partir\u00e0 des de la intersecci\u00f3 del carrer Arts Gr\u00e0fiques amb el carrer Severo Ochoa, transcorrer\u00e0 pel carrer Arts Gr\u00e0fiques i finalitzar\u00e0 en l&#8217;Avinguda Su\u00e8cia.<\/p>\n<p>En aquest recorregut participaran les bandes de les seg\u00fcents Societats Musicals: Asociaci\u00f3n Cultural Falla Gral. Barroso Lit. P. Abad de Valencia, Uni\u00f3n Musical de Moncada, Societat Uni\u00f3 Musical de Museros, Uni\u00f3n Musical de Paiporta, Uni\u00f3n Musical de Mislata, L&#8217;Art\u00edstica Manisense de Manises, Societat Musical Benirredr\u00e0, Uni\u00f3 Musical Xeraco, Sociedad Instructiva Uni\u00f3n Musical de Xeresa, Agrupaci\u00f3 Musical Vernissa de Llocnou de Sant Jeroni, Uni\u00f3n Musical Millarense, Sociedad Instructivo Musical &#8216;La Primitiva&#8217; de Alborache, Uni\u00f3n Musical San Roque Villargordo del Cabriel, Uni\u00f3n Musical &#8216;El Arte&#8217; de Sinarcas, Societat Art\u00edstic Musical Alc\u00e0ntera de X\u00faquer, Societat Musical d&#8217;Algemes\u00ed, Societat Art\u00edstica Musical d&#8217;Alginet, Sociedad Musical San Juan Bautista de Loriguilla, Sociedad Musical La Lira de Chulilla, Uni\u00f3n Musical Alcublana, Sociedad Musical &#8216;La Lira&#8217; de Titaguas, Agrupaci\u00f3 Musical L&#8217;Amistat de Quart de Poblet, Sociedad Musical &#8216;La Esperanza&#8217; San Vicente del Raspeig, Uni\u00f3 Musical de Planes, Agrupaci\u00f3n Musical de La Sociedad Cultural Deportiva Carolinas de Alicante y el Centro Instructivo Musical Banda de Torrefiel de Valencia.<\/p>\n<p><a href=\"https:\/\/fsmcv.org\/BTnet-storage\/wp-uploads\/2018\/05\/ruta5.pdf\" target=\"_blank\" rel=\"noopener noreferrer\">Hist\u00f2ria de las Societats Musicals participants en aquesta desfilada<\/a> extretes de l&#8217;obra <em>Les\u00a0Bandes\u00a0de M\u00fasica de la Comunitat Valenciana. Valencia: Editorial Gules, 2014. M\u00e1s informaci\u00f3n: <a href=\"http:\/\/www.lasbandasdemusica.com\" target=\"_blank\" rel=\"noopener noreferrer\">www.lasbandasdemusica.com<\/a><\/em><\/p>\n<p>M\u00e9s informaci\u00f3: <a href=\"https:\/\/musicaipoble.fsmcv.org\/vl\/evento-231\" target=\"_blank\" rel=\"noopener noreferrer\">https:\/\/musicaipoble.fsmcv.org\/vl\/evento-231<\/a><\/p>\n<p><img loading=\"lazy\" decoding=\"async\" class=\"aligncenter size-large wp-image-9051\" src=\"https:\/\/fsmcv.org\/BTnet-storage\/wp-uploads\/2018\/05\/sueltos5-1004x1024.jpg\" alt=\"\" width=\"1004\" height=\"1024\" title=\"\"><\/p>\n<p>&nbsp;<\/p>\n<h4>Ruta 6<\/h4>\n<p>El recorregut de la ruta 6 s&#8217;iniciar\u00e0 en la intersecci\u00f3 de l&#8217;Avinguda Blasco Ib\u00e1\u00f1ez amb el carrer Severo Ochoa, transcorrer\u00e0 pels carrers Rodr\u00edguez Fornos i Alfonso de C\u00f3rdoba, per a finalitzar en la intersecci\u00f3 de l&#8217;Avinguda Su\u00e8cia amb el carrer Arts Gr\u00e0fiques.<\/p>\n<p>Les bandes que participaran en aquest recorregut pertanyen a les seg\u00fcents Societats Musicals:<\/p>\n<p>Agrupaci\u00f3n Musical San Jos\u00e9 de Pignatelli de Valencia, Uni\u00f3n Musical Santa Catalina de Aras de Aras de Los Olmos, Banda Musico-Cultural Albalat dels Tarongers, Asociaci\u00f3n Cultural &#8216;Amigos de La M\u00fasica&#8217; de San Antonio de Benag\u00e9ber, Agrupaci\u00f3 Musical &#8216;La Melodia&#8217; d&#8217;Olocau, Associaci\u00f3 Musical Sant Jordi, Uni\u00f3 Musical Torreblanca, Uni\u00f3n Musical &#8216;Lira Borriolenca&#8217; de Borriol, Uni\u00f3 Musical Santa Cec\u00edlia de Xilxes, Centro Instructivo de Arte y Cultura La Vall d&#8217;Uix\u00f3, Uni\u00f3 Musical &#8216;La Lira&#8217; de Vila-Real, Sociedad Ateneu Musical de Cocentaina, Sociedad Uni\u00f3n Musical Losa del Obispo, Asociaci\u00f3n Centro Art\u00edstico Cultural de Tu\u00e9jar, Uni\u00f3n Musical Mar-Chica de Camporrobles, Uni\u00f3 Musical Casinense de Casinos, Centre Art\u00edstic Musical de B\u00e9tera, Societat Uni\u00f3 Art\u00edstica Musical d&#8217;Ontinyent, Sociedad Musical &#8216;La Paz&#8217; de Siete Aguas, Asociaci\u00f3n Musical Banda La Lira de Cheste, Centro Instructivo Musical de Mislata, Uni\u00f3 Musical de Picanya, Centro Art\u00edstico Musical de Moncada, Societat Musical de Bonrep\u00f2s i Mirambell y la Agrupaci\u00f3n Musical Gayano Lluch de Valencia.<\/p>\n<p><a href=\"https:\/\/fsmcv.org\/BTnet-storage\/wp-uploads\/2018\/05\/ruta6.pdf\" target=\"_blank\" rel=\"noopener noreferrer\">Hist\u00f2ria de las Societats Musicals participants en aquesta desfilada<\/a> extretes de l&#8217;obra <em>Les\u00a0Bandes\u00a0de M\u00fasica de la Comunitat Valenciana. Valencia: Editorial Gules, 2014. M\u00e1s informaci\u00f3n: <a href=\"http:\/\/www.lasbandasdemusica.com\" target=\"_blank\" rel=\"noopener noreferrer\">www.lasbandasdemusica.com<\/a><\/em><\/p>\n<p>M\u00e9s informaci\u00f3: <a href=\"https:\/\/musicaipoble.fsmcv.org\/vl\/evento-232\" target=\"_blank\" rel=\"noopener noreferrer\">https:\/\/musicaipoble.fsmcv.org\/vl\/evento-232<\/a><\/p>\n<p><img loading=\"lazy\" decoding=\"async\" class=\"aligncenter size-large wp-image-9052\" src=\"https:\/\/fsmcv.org\/BTnet-storage\/wp-uploads\/2018\/05\/sueltos6-1004x1024.jpg\" alt=\"\" width=\"1004\" height=\"1024\" title=\"\"><\/p>\n<p>&nbsp;<\/p>\n<h4>Ruta 7<\/h4>\n<p>El recorregut de la ruta 7 comen\u00e7ar\u00e0 en la intersecci\u00f3 del carrer Gasc\u00f3 Oliag amb l&#8217;Avinguda Men\u00e9ndez Pelayo i finalitzar\u00e0 en la intersecci\u00f3 de l&#8217;Avinguda Su\u00e8cia amb el carrer Arts Gr\u00e0fiques.<\/p>\n<p>En aquesta ruta seran protagonistes les bandes de les seg\u00fcents Societats Musicals: Centre Instructiu Musical Benimaclet, Sociedad Uni\u00f3n Musical de Y\u00e1tova, Sociedad Musical Santa Cecilia de Macastre, Sociedad Musical de Segorbe, Uni\u00f3n Art\u00edstica Musical de Navajas, Uni\u00f3n Musical de Sot de Ferrer, Uni\u00f3n Musical &#8216;Sue\u00f1os de Artista&#8217; de Almed\u00edjar, Sociedad Uni\u00f3n Musical de Azu\u00e9bar, Uni\u00f3 Musical Santa Cec\u00edlia de Les Useres, Sociedad Musical &#8216;Jos\u00e9 Pradas&#8217; de Villahermosa del R\u00edo, Uni\u00f3n Musical de Alfondeguilla, Asociaci\u00f3n &#8216;Uni\u00f3n Musical Eslidense&#8217; de Eslida, Uni\u00f3n Musical Santa Cecilia de Onda, Associaci\u00f3 Cultural &#8216;La Roca&#8217; Banda de M\u00fasica &#8216;La Lira&#8217; de Vilafam\u00e9s, Uni\u00f3 Musical Orpesa de Oropesa del Mar, Uni\u00f3 Musical Algimia de Alfara, Juventud Musical Virgen de La Estrella de Gilet, Sociedad Musical &#8216;Lira Saguntina&#8217; de Sagunto, Agrupaci\u00f3n Musical &#8216;Los Silos&#8217; de Burjassot, Centro Instructivo Musical La Arm\u00f3nica de Bu\u00f1ol, Uni\u00f3 Musical Xertolina de Xert, Centro Instructivo Musical Santa Cecilia de Y\u00e1tova, Agrupaci\u00f3n Musical &#8216;Vila de Calig&#8217; de Calig, Societat Musical Santa Cec\u00edlia de La Jana, Centro Estudio Musical de Alm\u00e0ssera y la Agrupaci\u00f3n Musical Benicalap de Valencia.<\/p>\n<p><a href=\"https:\/\/fsmcv.org\/BTnet-storage\/wp-uploads\/2018\/05\/ruta-7.pdf\" target=\"_blank\" rel=\"noopener noreferrer\">Hist\u00f2ria de las Societats Musicals participants en aquesta desfilada<\/a> extretes de l&#8217;obra <em>Les\u00a0Bandes\u00a0de M\u00fasica de la Comunitat Valenciana. Valencia: Editorial Gules, 2014. M\u00e1s informaci\u00f3n: <a href=\"http:\/\/www.lasbandasdemusica.com\" target=\"_blank\" rel=\"noopener noreferrer\">www.lasbandasdemusica.com<\/a><\/em><\/p>\n<p>M\u00e9s informaci\u00f3: <a href=\"https:\/\/musicaipoble.fsmcv.org\/vl\/evento-233\" target=\"_blank\" rel=\"noopener noreferrer\">https:\/\/musicaipoble.fsmcv.org\/vl\/evento-233<\/a><\/p>\n<p><img loading=\"lazy\" decoding=\"async\" class=\"aligncenter size-large wp-image-9053\" src=\"https:\/\/fsmcv.org\/BTnet-storage\/wp-uploads\/2018\/05\/sueltos7-1004x1024.jpg\" alt=\"\" width=\"1004\" height=\"1024\" title=\"\"><\/p>\n<p>&nbsp;<\/p>\n<h4>Ruta 8<\/h4>\n<p>El recorregut de la ruta 8 eixir\u00e0 des de la intersecci\u00f3 de l&#8217;Avinguda Catalunya (vial d&#8217;entrada) amb l&#8217;Avinguda Men\u00e9ndez Pelayo i finalitzar\u00e0 en la intersecci\u00f3 de l&#8217;Avinguda Arag\u00f3 amb el carrer Arts Gr\u00e0fiques.<\/p>\n<p>Participaran en aquesta ruta les bandes pertanyents a les seg\u00fcents Societats Musicals: Societat Instructiva de L&#8217;Obrer Agr\u00edcola Musical de Benimamet, Uni\u00f3 Art\u00edstica Musical de Vilamarxant, Uni\u00f3n Musical San Felipe Neri de La Llosa, Societat Instructiva Musical d&#8217;Alfafara, Sociedad Musical de Geldo, Uni\u00f3n Musical Santa Cecilia de Viver, Uni\u00f3n Musical de Soneja, Uni\u00f3n Musical y Cultural de Altura, Sociedad Musical y Cultural Otobesa de J\u00e9rica, Uni\u00f3n Musical de Traiguera, Asociaci\u00f3n Musical &#8216;Virgen de La Ermitana&#8217; de Pe\u00f1\u00edscola, Asociaci\u00f3n Musical &#8216;Ciudad De Benicarl\u00f3&#8217; de Benicarl\u00f3, Societat Musical i Recreativa Lira i Casino Carcaixent\u00ed de Carcaixent, Casino Musical de Godella, Uni\u00f3 Musical De La Pobla de Farnals, Agrupaci\u00f3 Musical d&#8217;Alfara del Patriarca, Uni\u00f3 Musical de Massamagrell, Centro Musical e Instructivo Sta. Cecilia de Pu\u00e7ol, La Uni\u00f3 Art\u00edstica Musical d&#8217;Alm\u00e0ssera, Uni\u00f3 Musical la Pobla Llarga, Societat Uni\u00f3 Musical de Benimodo, Associaci\u00f3 Musical &#8216;Mestre Candel&#8217; de Morella, Associaci\u00f3 Musical Santa Cec\u00edlia d&#8217;Alboc\u00e0sser, Uni\u00f3 Musical Catinenca de Cati, Ateneu Musical de la Vila Joiosa y la Societat Musical Amics de La M\u00fasica de Benifaraig.<\/p>\n<p><a href=\"https:\/\/fsmcv.org\/BTnet-storage\/wp-uploads\/2018\/05\/ruta8.pdf\" target=\"_blank\" rel=\"noopener noreferrer\">Hist\u00f2ria de las Societats Musicals participants en aquesta desfilada<\/a> extretes de l&#8217;obra <em>Les\u00a0Bandes\u00a0de M\u00fasica de la Comunitat Valenciana. Valencia: Editorial Gules, 2014. M\u00e1s informaci\u00f3n: <a href=\"http:\/\/www.lasbandasdemusica.com\" target=\"_blank\" rel=\"noopener noreferrer\">www.lasbandasdemusica.com<\/a><\/em><\/p>\n<p>M\u00e9s informaci\u00f3: <a href=\"https:\/\/musicaipoble.fsmcv.org\/vl\/evento-234\" target=\"_blank\" rel=\"noopener noreferrer\">https:\/\/musicaipoble.fsmcv.org\/vl\/evento-234<\/a><\/p>\n<p><img loading=\"lazy\" decoding=\"async\" class=\"aligncenter size-large wp-image-9054\" src=\"https:\/\/fsmcv.org\/BTnet-storage\/wp-uploads\/2018\/05\/sueltos8-1004x1024.jpg\" alt=\"\" width=\"1004\" height=\"1024\" title=\"\"><\/p>\n<p>&nbsp;<\/p>\n<h4>Ruta 9<\/h4>\n<p>El recorregut de la ruta 9 s&#8217;iniciar\u00e0 en la intersecci\u00f3 de l&#8217;Avinguda Blasco Ib\u00e1\u00f1ez amb el carrer Cardenal Benlloch, transitar\u00e0 per l&#8217;Avinguda de Blasco Ib\u00e1\u00f1ez fins a eixir per l&#8217;Avinguda d&#8217;Arag\u00f3 en la intersecci\u00f3 amb el carrer Arts Gr\u00e0fiques.<\/p>\n<p>Les bandes que participaran en aquest recorregut pertanyen a les seg\u00fcents Societats Musicals: Sociedad Uni\u00f3n Musical &#8216;La Constancia&#8217; de Catral, Sociedad Uni\u00f3n Protectora Musical de Llombai, Sociedad Musical Turisense de Tur\u00eds, Uni\u00f3 Musical de Catadau, Uni\u00f3n Art\u00edstica Musical de Montroi, Societat Cultural Uni\u00f3 Musical de Muro d&#8217;Alcoi, Societat Uni\u00f3 Musical d&#8217;Alcoi, Sociedad Uni\u00f3n Musical de Beniarr\u00e9s, Agrupaci\u00f3 Musical de Senyera, Agrupaci\u00f3 Musical de Beneixida, Sociedad Protectora Musical de Antella, Uni\u00f3 Musical Santa Cec\u00edlia de Cabanes, Societat Musical Cinctorrana de Cinctorres, Asociaci\u00f3n Musical Vall d&#8217;Albense de la Vall d&#8217;Alba, Centro Musical Paternense de Paterna, Uni\u00f3 Musical de Serra, Uni\u00f3 Musical d&#8217;Albalat dels Sorells, Societat Art\u00edstica Musical de Benifai\u00f3, Societat Uni\u00f3 Musical Santa Cec\u00edlia de Guadassuar, Sociedad Art\u00edstico Musical &#8216;El Valle&#8217; de C\u00e1rcer, Agrupaci\u00f3n Musical de Manuel, Ateneo Musical Schola Cantorum de la Vall d&#8217;Uix\u00f3, Associaci\u00f3 Cultural &#8216;Amics de la M\u00fasica&#8217; de Sant Joan de Moro, Associaci\u00f3 Uni\u00f3 Musical del Grau de Castell\u00f3 y la Sociedad Ateneo Musical del Puerto.<\/p>\n<p><a href=\"https:\/\/fsmcv.org\/BTnet-storage\/wp-uploads\/2018\/05\/ruta9.pdf\" target=\"_blank\" rel=\"noopener noreferrer\">Hist\u00f2ria de las Societats Musicals participants en aquesta desfilada<\/a> extretes de l&#8217;obra <em>Les\u00a0Bandes\u00a0de M\u00fasica de la Comunitat Valenciana. Valencia: Editorial Gules, 2014. M\u00e1s informaci\u00f3n: <a href=\"http:\/\/www.lasbandasdemusica.com\" target=\"_blank\" rel=\"noopener noreferrer\">www.lasbandasdemusica.com<\/a><\/em><\/p>\n<p>M\u00e9s informaci\u00f3: <a href=\"https:\/\/musicaipoble.fsmcv.org\/vl\/evento-235\" target=\"_blank\" rel=\"noopener noreferrer\">https:\/\/musicaipoble.fsmcv.org\/vl\/evento-235<\/a><\/p>\n<p><img loading=\"lazy\" decoding=\"async\" class=\"aligncenter size-large wp-image-9055\" src=\"https:\/\/fsmcv.org\/BTnet-storage\/wp-uploads\/2018\/05\/sueltos9-1004x1024.jpg\" alt=\"\" width=\"1004\" height=\"1024\" title=\"\"><\/p>\n<p>&nbsp;<\/p>\n<h4>Ruta 10<\/h4>\n<p>El recorregut de la ruta 10 comen\u00e7ar\u00e0 en la intersecci\u00f3 del carrer de Caravaca amb Avinguda Cardenal Benlloch, i transcorrer\u00e0 pels carrers de Caravaca i de B\u00e8lgica, per a finalitzar en la intersecci\u00f3 de l&#8217;Avinguda Arag\u00f3 amb el carrer Arts Gr\u00e0fiques.<\/p>\n<p>En aquesta ruta seran protagonistes les bandes de les seg\u00fcents Societats Musicals: Sociedad Uni\u00f3n Musical y Art\u00edstica de Sax, Sociedad Musical Ayorense, Uni\u00f3 Musical Covarxina de les Coves de Vinroma, Sociedad Musical &#8216;La Lira&#8217; de Monforte del Cid, Banda de M\u00fasica Santa Cecilia de Rojales, Agrupaci\u00f3n Musical de Guardamar del Segura, Uni\u00f3n Musical Belgidense, Uni\u00f3 Musical de Confrides &#8216;Aitana&#8217;, Uni\u00f3 Musical de T\u00e0rbena, Uni\u00f3 Musical Els Poblets, Agrupaci\u00f3 Musical El Seguili de Benidoleig, Associaci\u00f3 Musical El Verger, Societat Musical de Banyeres de Mariola, Societat Renaixement Musical Vinalesa, Societat Musical &#8216;Amics de La M\u00fasica&#8217; de Meliana, Uni\u00f3n Protectora Musical de Vallada, Societat Musical &#8216;La Const\u00e0ncia&#8217; de Moixent, Agrupaci\u00f3n Musical de Agullent, Associaci\u00f3 Uni\u00f3 Musical de Bocairent, La Instructiva Musical de Alfarras\u00ed, Agrupaci\u00f3n Musical &#8216;La Nova&#8217; de Quatretonda, Societat Musical Benicolet Benicolet, Uni\u00f3 Musical de Montitxelvo, Entidad Musical Maestro Serrano de Cofrentes, Societat Musical de Benimuslem y la Societat Musical Poblats Mar\u00edtims de Val\u00e8ncia.<\/p>\n<p><a href=\"https:\/\/fsmcv.org\/BTnet-storage\/wp-uploads\/2018\/05\/ruta10.pdf\" target=\"_blank\" rel=\"noopener noreferrer\">Hist\u00f2ria de las Societats Musicals participants en aquesta desfilada<\/a> extretes de l&#8217;obra <em>Les\u00a0Bandes\u00a0de M\u00fasica de la Comunitat Valenciana. Valencia: Editorial Gules, 2014. M\u00e1s informaci\u00f3n: <a href=\"http:\/\/www.lasbandasdemusica.com\" target=\"_blank\" rel=\"noopener noreferrer\">www.lasbandasdemusica.com<\/a><\/em><\/p>\n<p>M\u00e9s informaci\u00f3: <a href=\"https:\/\/musicaipoble.fsmcv.org\/vl\/evento-236\" target=\"_blank\" rel=\"noopener noreferrer\">https:\/\/musicaipoble.fsmcv.org\/vl\/evento-236<\/a><\/p>\n<p><img loading=\"lazy\" decoding=\"async\" class=\"aligncenter size-large wp-image-9056\" src=\"https:\/\/fsmcv.org\/BTnet-storage\/wp-uploads\/2018\/05\/sueltos10-1004x1024.jpg\" alt=\"\" width=\"1004\" height=\"1024\" title=\"\"><\/p>\n<p>&nbsp;<\/p>\n<h4>Ruta 11<\/h4>\n<p>El recorregut de la ruta 11 s&#8217;iniciar\u00e0 en la intersecci\u00f3 del carrer Ernesto Ferrer amb l&#8217;Avinguda Cardenal Benlloch, discorrer\u00e0 pel carrer Ernesto Ferrer i Avinguda d&#8217;Arag\u00f3, fins a finalitzar en la intersecci\u00f3 de l&#8217;Avinguda Arag\u00f3 amb el carrer Doctor Joan Regl\u00e1.<\/p>\n<p>Les bandes que participaran en aquest recorregut pertanyen a les seg\u00fcents Societats Musicals: Sociedad Musical &#8216;La Art\u00edstica&#8217; de Chiva, Uni\u00f3 Musical d&#8217;Albaida &#8216;L&#8217;Aranya&#8217; d&#8217;Albaida, Societat Musical &#8216;La Tropical&#8217; de Benig\u00e0nim, Uni\u00f3n Musical Benicadell de Castell\u00f3 de Rugat, Societat Musical &#8216;Tot Per La M\u00fasica&#8217; d&#8217;Ontinyent, Uni\u00f3 Musical Atzeneta de Atzeneta d&#8217;Albaida, Societat Musical Beniatjarense, Sociedad Uni\u00f3n Musical de Beniarr\u00e9s, Uni\u00f3 Musical Artanense, Societat Musical &#8216;La Nova&#8217; de X\u00e0tiva, Escuela de M\u00fasica &#8216;La Art\u00edstica&#8217; de Mon\u00f3var, Uni\u00f3n Musical de Redov\u00e1n, Asociaci\u00f3n Cultural Amigos de la M\u00fasica y la Danza de Orihuela, Uni\u00f3 Musical de Beniarbeig, Agrupaci\u00f3n Musical de Pego, Societat Musical &#8216;Lira Relleuense&#8217; de Relleu, Agrupaci\u00f3 Musical La Nova de Banyeres de Mariola, Agrupaci\u00f3 Musical Cultural de Teulada, Associaci\u00f3 d&#8217;Amics de la M\u00fasica de Callosa d&#8217;En Sarri\u00e0, Uni\u00f3n Musical de San Fulgencio, Uni\u00f3n Musical de San Bartolom\u00e9, Banda de M\u00fasica &#8216;La Lira&#8217; de Rojales, Uni\u00f3n Musical Santa Cecilia de Cortes de Pall\u00e1s, Uni\u00f3n Musical de Jalance, Sociedad Musical &#8216;La Primitiva&#8217; de Serra y la Associaci\u00f3 Art\u00edstico-Musical d&#8217;Oliva.<\/p>\n<p><a href=\"https:\/\/fsmcv.org\/BTnet-storage\/wp-uploads\/2018\/05\/Ruta11.pdf\" target=\"_blank\" rel=\"noopener noreferrer\">Hist\u00f2ria de las Societats Musicals participants en aquesta desfilada<\/a> extretes de l&#8217;obra <em>Les\u00a0Bandes\u00a0de M\u00fasica de la Comunitat Valenciana. Valencia: Editorial Gules, 2014. M\u00e1s informaci\u00f3n: <a href=\"http:\/\/www.lasbandasdemusica.com\" target=\"_blank\" rel=\"noopener noreferrer\">www.lasbandasdemusica.com<\/a><\/em><\/p>\n<p>M\u00e9s informaci\u00f3: <a href=\"https:\/\/musicaipoble.fsmcv.org\/vl\/evento-237\" target=\"_blank\" rel=\"noopener noreferrer\">https:\/\/musicaipoble.fsmcv.org\/vl\/evento-237<\/a><\/p>\n<p><img loading=\"lazy\" decoding=\"async\" class=\"aligncenter size-large wp-image-9057\" src=\"https:\/\/fsmcv.org\/BTnet-storage\/wp-uploads\/2018\/05\/sueltos11-1004x1024.jpg\" alt=\"\" width=\"1004\" height=\"1024\" title=\"\"><\/p>\n","protected":false},"excerpt":{"rendered":"<p>La desfilada tindr\u00e0 lloc el dissabte 26 de maig a partir de les 19:00h amb m\u00e9s de 300 bandes i 14.000 m\u00fasics pertanyents a Societats Musicals de les tres prov\u00edncies. Amb aquest acte es pret\u00e9n aconseguir el r\u00e8cord Guinness a la \u201cMajor desfilada de bandes de m\u00fasica de la hist\u00f2ria\u201d.<\/p>\n","protected":false},"author":2,"featured_media":0,"comment_status":"closed","ping_status":"closed","sticky":false,"template":"","format":"standard","meta":{"footnotes":""},"categories":[234],"tags":[],"class_list":["post-9045","post","type-post","status-publish","format-standard","hentry","category-certamens"],"_links":{"self":[{"href":"https:\/\/fsmcv.org\/vl\/wp-json\/wp\/v2\/posts\/9045","targetHints":{"allow":["GET"]}}],"collection":[{"href":"https:\/\/fsmcv.org\/vl\/wp-json\/wp\/v2\/posts"}],"about":[{"href":"https:\/\/fsmcv.org\/vl\/wp-json\/wp\/v2\/types\/post"}],"author":[{"embeddable":true,"href":"https:\/\/fsmcv.org\/vl\/wp-json\/wp\/v2\/users\/2"}],"replies":[{"embeddable":true,"href":"https:\/\/fsmcv.org\/vl\/wp-json\/wp\/v2\/comments?post=9045"}],"version-history":[{"count":0,"href":"https:\/\/fsmcv.org\/vl\/wp-json\/wp\/v2\/posts\/9045\/revisions"}],"wp:attachment":[{"href":"https:\/\/fsmcv.org\/vl\/wp-json\/wp\/v2\/media?parent=9045"}],"wp:term":[{"taxonomy":"category","embeddable":true,"href":"https:\/\/fsmcv.org\/vl\/wp-json\/wp\/v2\/categories?post=9045"},{"taxonomy":"post_tag","embeddable":true,"href":"https:\/\/fsmcv.org\/vl\/wp-json\/wp\/v2\/tags?post=9045"}],"curies":[{"name":"wp","href":"https:\/\/api.w.org\/{rel}","templated":true}]}}