{"id":9077,"date":"2018-05-25T12:59:55","date_gmt":"2018-05-25T10:59:55","guid":{"rendered":"https:\/\/fsmcv.org\/?post_type=fsmcv-noticias&#038;p=9077"},"modified":"2021-03-29T16:38:26","modified_gmt":"2021-03-29T14:38:26","slug":"les-societats-musicals-de-la-comunitat-valenciana-han-sigut-declarades-be-dinteres-cultural-bic-pel-govern-valencia","status":"publish","type":"post","link":"https:\/\/fsmcv.org\/vl\/convocatories-publiques\/les-societats-musicals-de-la-comunitat-valenciana-han-sigut-declarades-be-dinteres-cultural-bic-pel-govern-valencia\/","title":{"rendered":"Les Societats Musicals de la Comunitat Valenciana han sigut declarades B\u00e9 d&#8217;Inter\u00e8s Cultural (BIC) pel Govern valenci\u00e0."},"content":{"rendered":"<p><strong>El Ple del Consell ha aprovat el decret pel qual es declara B\u00e9 d&#8217;Inter\u00e8s Cultural immaterial la tradici\u00f3 musical popular valenciana, materialitzada per les Societats Musicals de la Comunitat Valenciana.<\/strong><\/p>\n<p>D&#8217;aquesta forma, han rebut un reconeixement hist\u00f2ric que contribuir\u00e0 a la seua protecci\u00f3 i impuls i que ve a reafirmar el seu paper com un dels principals agents culturals de la Comunitat. En aquesta l\u00ednia, el decret estableix una s\u00e8rie de mesures de protecci\u00f3 i salvaguarda del B\u00e9, com la de realitzar labors d&#8217;identificaci\u00f3, descripci\u00f3, investigaci\u00f3, estudi i documentaci\u00f3 del mateix, entre d&#8217;altres, per a garantir la seua protecci\u00f3 i preservaci\u00f3 o vetlar pel normal desenvolupament i la perviv\u00e8ncia d&#8217;aquesta manifestaci\u00f3 cultural.<\/p>\n<blockquote>\n<p style=\"text-align: right;\"><em><strong>A\u00e7\u00f2 suposa un reconeixement al treball durant dos-cents anys de les Societats Musicals i a la seua labor com agents de conservaci\u00f3 i potenciaci\u00f3 del patrimoni cultural de les tradicions musicals i art\u00edstiques valencianes<\/strong><\/em><\/p>\n<\/blockquote>\n<p>\u201c<em>Hui vivim un moment \u00fanic i de m\u00e0xima import\u00e0ncia per a les nostres Societats Musicals. Amb aquesta declaraci\u00f3 es veu reconeguda per fi la seua labor durant tants anys aix\u00ed com la seua gran aportaci\u00f3 a la nostra cultura i a la nostra societat. La declaraci\u00f3 com BIC ha sigut una reivindicaci\u00f3 hist\u00f2rica de la FSMCV que s&#8217;ha basat en la repercussi\u00f3 social d&#8217;aquest moviment associatiu i en la qualitat i quantitat de m\u00fasics que ha donat i d\u00f3na la nostra terra dia a dia<\/em>\u201d, ha afirmat Pedro Rodr\u00edguez.<\/p>\n<p>\u201c<em>Estem realment emocionats. Pensem que \u00e9s el reconeixement al moviment que les Societats Musicals esperaven des de fa molt temps. Volem agrair a aquest Govern i als Grups Parlamentaris de les Corts valencianes que s&#8217;haja pogut portar a terme. Un altre cam\u00ed comen\u00e7a ara. I haurem de negociar amb Conselleria, amb Patrimoni i amb qui fa\u00e7a falta, per a constituir una mesa que porte el seguiment d&#8217;aquest nou BIC que tenim tots els valencians i tothom i que s\u00f3n les nostres Societats Musicals<\/em>\u201d, ha continuat Rodr\u00edguez.<\/p>\n<p><iframe src=\"https:\/\/w.soundcloud.com\/player\/?url=https%3A\/\/api.soundcloud.com\/tracks\/448962870&amp;color=%23c42628&amp;auto_play=false&amp;hide_related=false&amp;show_comments=true&amp;show_user=true&amp;show_reposts=false&amp;show_teaser=true\" width=\"100%\" height=\"166\" frameborder=\"no\" scrolling=\"no\"><\/iframe><\/p>\n<p>El Conseller d&#8217;Educaci\u00f3, Investigaci\u00f3, Cultura i Esport, Vicent Marz\u00e0, ha declarat que <em>\u201cper a nosaltres tamb\u00e9 \u00e9s una grand\u00edssima satisfacci\u00f3. Era evident que era necessari i fa molts anys que hauria d&#8217;haver-se fet. Des d&#8217;aquest Govern hem pogut arribar a fer BIC la tradici\u00f3 popular i musical valenciana de les bandes, a les diferents Societats Musicals que vertebren el nostre territori, i que fan una grand\u00edssima labor, m\u00e9s enll\u00e0 del cultural o musical. Per tant, \u00e9s un B\u00e9 que per fi t\u00e9 la catalogaci\u00f3 de B\u00e9 d&#8217;Inter\u00e8s Cultural. \u00c9s una grand\u00edssima satisfacci\u00f3, a m\u00e9s, fer-ho coincidir amb el 50\u00e9 aniversari de la FSMCV. Pensem que \u00e9s tamb\u00e9 un reconeixement per a la pr\u00f2pia Federaci\u00f3 que ha estat treballant tant\u00edssim anys fent una labor encomiable i que just aquesta setmana celebrar\u00e0 aqueix gran esdeveniment a Mestalla per a commemorar eixos 50 anys<\/em>\u201d<\/p>\n<p><iframe src=\"https:\/\/w.soundcloud.com\/player\/?url=https%3A\/\/api.soundcloud.com\/tracks\/448962888&amp;color=%23c42628&amp;auto_play=false&amp;hide_related=false&amp;show_comments=true&amp;show_user=true&amp;show_reposts=false&amp;show_teaser=true\" width=\"100%\" height=\"166\" frameborder=\"no\" scrolling=\"no\"><\/iframe><\/p>\n<blockquote>\n<p style=\"text-align: right;\"><em><strong>Aquest fet hist\u00f2ric coincideix amb la celebraci\u00f3 dem\u00e0 de l&#8217;esdeveniment organitzat per la FSMCV a Mestalla per a commemorar el seu 50\u00e9 aniversari. Est\u00e0 previst que participen m\u00e9s de 20.000 m\u00fasics i intentar batre 14 R\u00e8cords Guinness<\/strong><\/em><\/p>\n<\/blockquote>\n<p>El Decret que arreplega la declaraci\u00f3 destaca que, les Societats Musicals estan implicades en les manifestacions culturals que es desenvolupen al llarg de l&#8217;any, realitzen una important labor de formaci\u00f3 a trav\u00e9s de les seues Escoles de M\u00fasica, estan fortament arrelades als seus municipis i juguen un potent paper de cohesionador social fonamentat en s\u00f2lids valors com el voluntariat i el companyerisme.<\/p>\n<p>Amb aquesta declaraci\u00f3 de BIC es reconeix el treball de les Societats Musicals i la seua labor com a agents de conservaci\u00f3 i potenciaci\u00f3 del patrimoni cultural de les tradicions musicals i art\u00edstiques valencianes al llarg de la hist\u00f2ria. Aquestes constitueixen una de les manifestacions m\u00e9s representatives de la cultura i formes de vida tradicionals dels valencians mitjan\u00e7ant l&#8217;expressi\u00f3 musical.<\/p>\n","protected":false},"excerpt":{"rendered":"<p>Les Societats Musicals de la Comunitat Valenciana han sigut declarades B\u00e9 d&#8217;Inter\u00e8s Cultural (BIC) pel Govern valenci\u00e0. El Ple del Consell ha aprovat el decret pel qual es declara B\u00e9 d&#8217;Inter\u00e8s Cultural immaterial la tradici\u00f3 musical popular valenciana, materialitzada per les Societats Musicals de la Comunitat Valenciana.<\/p>\n","protected":false},"author":2,"featured_media":0,"comment_status":"closed","ping_status":"closed","sticky":false,"template":"","format":"standard","meta":{"footnotes":""},"categories":[45],"tags":[],"class_list":["post-9077","post","type-post","status-publish","format-standard","hentry","category-convocatories-publiques"],"_links":{"self":[{"href":"https:\/\/fsmcv.org\/vl\/wp-json\/wp\/v2\/posts\/9077","targetHints":{"allow":["GET"]}}],"collection":[{"href":"https:\/\/fsmcv.org\/vl\/wp-json\/wp\/v2\/posts"}],"about":[{"href":"https:\/\/fsmcv.org\/vl\/wp-json\/wp\/v2\/types\/post"}],"author":[{"embeddable":true,"href":"https:\/\/fsmcv.org\/vl\/wp-json\/wp\/v2\/users\/2"}],"replies":[{"embeddable":true,"href":"https:\/\/fsmcv.org\/vl\/wp-json\/wp\/v2\/comments?post=9077"}],"version-history":[{"count":0,"href":"https:\/\/fsmcv.org\/vl\/wp-json\/wp\/v2\/posts\/9077\/revisions"}],"wp:attachment":[{"href":"https:\/\/fsmcv.org\/vl\/wp-json\/wp\/v2\/media?parent=9077"}],"wp:term":[{"taxonomy":"category","embeddable":true,"href":"https:\/\/fsmcv.org\/vl\/wp-json\/wp\/v2\/categories?post=9077"},{"taxonomy":"post_tag","embeddable":true,"href":"https:\/\/fsmcv.org\/vl\/wp-json\/wp\/v2\/tags?post=9077"}],"curies":[{"name":"wp","href":"https:\/\/api.w.org\/{rel}","templated":true}]}}