{"id":9175,"date":"2018-06-01T10:50:52","date_gmt":"2018-06-01T08:50:52","guid":{"rendered":"https:\/\/fsmcv.org\/?post_type=fsmcv-noticias&#038;p=9175"},"modified":"2021-09-30T11:24:09","modified_gmt":"2021-09-30T09:24:09","slug":"saul-gomez-estrena-texas-concierto-para-trompeta-banda-spices-dedicado-jose-chafer","status":"publish","type":"post","link":"https:\/\/fsmcv.org\/vl\/certamens\/saul-gomez-estrena-texas-concierto-para-trompeta-banda-spices-dedicado-jose-chafer\/","title":{"rendered":"El compositor valenci\u00e0 Sa\u00fcl G\u00f3mez estrena a Texas el seu concert per a trompeta i banda &#8220;Spices&#8221;, dedicat a Jos\u00e9 Ch\u00e1fer"},"content":{"rendered":"<p>La m\u00fasica del compositor Sa\u00fcl G\u00f3mez Soler segueix el seu periple internacional i s&#8217;escoltar\u00e0 aquesta setmana a Texas (Estats Units) en el marc de la Confer\u00e8ncia Internacional Anual de la Trompeta \u201cThe Hyatt Regency\u201d una trobada que, sota el lema \u201cDes del cor de Texas\u201d, reuneix a artistes i int\u00e8rprets de tot el m\u00f3n que participen en un intens programa de concerts, confer\u00e8ncies, estrenes, classes magistrals, etc.<\/p>\n<p>El divendres 1 de juny el trompetista valenci\u00e0 Jos\u00e9 Ch\u00e1fer, a qui est\u00e0 dedicada l&#8217;obra, estrenar\u00e0 junt a la banda de l&#8217;U.S. Air Band of the West <em>Spices<\/em>, un concert per a trompeta solista i banda simf\u00f2nica que s&#8217;organitza en diferents seccions que fan refer\u00e8ncia a l&#8217;univers gustatiu representat per combinacions de diferents esp\u00e8cies que estimulen aquest sentit.<\/p>\n<p>Per a aconseguir-ho, Sa\u00fcl G\u00f3mez utilitza diferents elements. Despr\u00e9s d&#8217;una suggeridora obertura (<em>Estimulant els sentits<\/em>) en la qual ens desperta els sentits i ens convida a descobrir un univers de contrastos, el compositor d&#8217;Ontinyent ens descobreix a trav\u00e9s del seu llenguatge musical els encants de diferents esp\u00e8cies: la menta fresca o <em>fresh mint<\/em> (un bufit d&#8217;aire fresc per al nostre paladar i o\u00efda); el sucre i canyella o <em>sugar and cinnamon<\/em> (eixe moment dol\u00e7 que defineix els bons moments); el <em>chilli pepper<\/em> (una aventura a una experi\u00e8ncia sensorial explosiva, t&#8217;atreveixes a provar-ho?) i el <em>peppermint<\/em>, la frescor de l&#8217;herba fresca, que ens inunda de nou amb el seu envolupant i herbal aroma.<\/p>\n<p>Tot un cresol de sabors que defineixen aquesta obra que, com afirma Sa\u00fcl G\u00f3mez, \u201c<em>ha sigut fruit d&#8217;un intens treball junt al trompetista Jos\u00e9 Ch\u00e1fer i que ha donat com resultat una composici\u00f3 plena de detalls i sensacions en la qual l&#8217;o\u00efdor assaborir\u00e0 una m\u00fasica plena de contrastos<\/em>\u201d. I afig \u201c<em>per a mi \u00e9s un gran orgull que un m\u00fasic de tant nivell com Jos\u00e9 Ch\u00e1fer siga l&#8217;ambaixador de la meua m\u00fasica en aquesta trobada internacional<\/em>\u201d.<\/p>\n<p>A m\u00e9s de l&#8217;estrena d&#8217;aquest concert, Jos\u00e9 Ch\u00e1fer oferir\u00e0 un recital junt a la trompetista Rebecca Guilt i actuar\u00e0 junt al seu grup Spanish Brass Luur Metall.<\/p>\n<h3>Jos\u00e9 Ch\u00e1fer<\/h3>\n<p>Jos\u00e9 Ch\u00e1fer ocupa la C\u00e0tedra de Trompeta i \u00e9s el cap del Departament de Vent Metall del Conservatori Superior de M\u00farcia, est\u00e0 en possessi\u00f3 del Master en Investigaci\u00f3 Musical i \u00e9s el Director Art\u00edstic del CIMVO.<\/p>\n<p>Viatja amb freq\u00fc\u00e8ncia per realitzar cl\u00ednics i com a artista convidat a diferents Universitats i Festivals, incloent EUA, Xina, Austr\u00e0lia, Canad\u00e0, B\u00e8lgica, Su\u00efssa, It\u00e0lia i Pol\u00f2nia. Ha actuat com a solista en la International Conference Trumpet Guild, IBBA2013 i IBBA 2017, la Confer\u00e8ncia Internacional de la Trompeta de Lodz, GVSU Trumpet Seminar i en la Xina Trumpet Week 2016 i Xina Trumpet Seminar en 2017.<\/p>\n<p>Ha estrenat concerts per a trompeta i piano, trompeta solista i ensemble de trompetes, per a banda i 2 trompetes solistes i per a 4 trompetes i banda, totes escrites i dedicades a ell a Europa, Am\u00e8rica del Nord i Austr\u00e0lia. Tamb\u00e9 diverses estrenes europees d&#8217;obres de Morales, Vizzutti i Stephenson, entre uns altres.<\/p>\n<p>Com a m\u00fasic d&#8217;orquestra ha actuat amb l&#8217;Orquestra Simf\u00f2nica de Madrid, Orquestra Simf\u00f2nica de Barcelona, Orquestra Simf\u00f2nica de M\u00farcia i l&#8217;Orquestra del Teatre Chap\u00ed. Com a m\u00fasic de c\u00e0mera \u00e9s el fundador de Qu\u00f2rum Brass i Collage Brass Ensemble. I tamb\u00e9 ha realitzat gires amb Barna Brass i Spanish Brass.<\/p>\n<p>Els seus professors han sigut Manuel L\u00f3pez, Miguel Sarrio, Ernest Aparisi, Vicente Campos, Luis Gonz\u00e1lez, Eric Aubier i Spanish Brass.<\/p>\n<p>A l&#8217;octubre de 2016 va presentar el seu segon CD \u201cTEXTURES\u201d en el qual han participat diferents artistes internacionals i ha guanyat dues medalles de plata en els Global Music Awards en les categories de Album i Instrumentista. El seu anterior CD \u201cSPIRIT\u201d, gravat junt al pianista Adolfo Garc\u00eda, ha aconseguit la medalla de plata dels Global Music Awards de Calif\u00f2rnia 2016.<\/p>\n<p>Fundador de Fo(o)r Pipes \u201cthe G-brass International Project\u201d, havent actuat a Espanya, B\u00e8lgica i Pol\u00f2nia. Jos\u00e9 Ch\u00e1fer \u00e9s Artista Yamaha.<\/p>\n<h3>Sa\u00fcl G\u00f3mez Soler<\/h3>\n<p>Nascut a Ontinyent (Val\u00e8ncia) en 1982, \u00e9s Llicenciat en Percussi\u00f3 i Composici\u00f3 pel Conservatori Superior de M\u00fasica Joaqu\u00edn Rodrigo de Val\u00e8ncia i en Direcci\u00f3 d&#8217;Orquestra pel Conservatori Superior de M\u00fasica del Liceu de Barcelona. A m\u00e9s, ha estudiat direcci\u00f3 de banda en la ISEB a Trento (It\u00e0lia) amb Jean Cober, F\u00e9lix Hauswith, Carlo Pirola i Franco Cesarini.<\/p>\n<p>\u00c9s director de l&#8217;Agrupaci\u00f3 Musical Santa Cecilia de Castalla, l&#8217;Associaci\u00f3 Art\u00edstic Musical d&#8217;Oliva i de l&#8217;Orquestra Simf\u00f2nica Caixa Ontinyent i acaba de ser nomenat director art\u00edstic de la Jove Banda Simf\u00f2nica de la Federaci\u00f3 de Societats Musicals de la Comunitat Valenciana (FSMCV) per a la temporada de 2018.<\/p>\n<p>En l&#8217;\u00e0mbit de la composici\u00f3, ha escrit obres tant per a banda com per a grups instrumentals, ballets o m\u00fasica de cambra entre uns altres. A m\u00e9s d&#8217;a\u00e7\u00f2, ha desenvolupat l&#8217;obra obligada en el Certamen Internacional de Val\u00e8ncia de 2015, m\u00fasica de cambra per a l&#8217;orquestra de RTVE, l&#8217;obra obligada per al festival Percute 2016 i tamb\u00e9 ha realitzat treballs per a solistes internacionals de la talla de Jos\u00e9 Franch o el duo Madrid Okho, havent rebut nombrosos premis i reconeixements.<\/p>\n<p>Actualment, centra la seua carrera en la composici\u00f3 de m\u00fasica simf\u00f2nica i m\u00fasica per al sector audiovisual. En aquest \u00e0mbit, ha rebut tres nominacions als Hollywood Music in Media Awards de Los Angeles i una per als premis Jerry Goldsmith.<\/p>\n<p>En 2018, estrena obres en Vancouver (Canad\u00e0), Texas (EUA) i la seua m\u00fasica sonar\u00e0 en auditoris de Jap\u00f3, B\u00e8lgica, Holanda, It\u00e0lia. Portugal i Col\u00f2mbia.<\/p>\n","protected":false},"excerpt":{"rendered":"<p>L&#8217;obra s&#8217;estrenar\u00e0 el divendres 1 de juny en la 43\u00e9na Confer\u00e8ncia Internacional Anual de la Trompeta \u201cThe Hyatt Regency\u201d que se celebra en San Antonio (Texas).<\/p>\n","protected":false},"author":2,"featured_media":0,"comment_status":"closed","ping_status":"closed","sticky":false,"template":"","format":"standard","meta":{"footnotes":""},"categories":[234],"tags":[],"class_list":["post-9175","post","type-post","status-publish","format-standard","hentry","category-certamens"],"_links":{"self":[{"href":"https:\/\/fsmcv.org\/vl\/wp-json\/wp\/v2\/posts\/9175","targetHints":{"allow":["GET"]}}],"collection":[{"href":"https:\/\/fsmcv.org\/vl\/wp-json\/wp\/v2\/posts"}],"about":[{"href":"https:\/\/fsmcv.org\/vl\/wp-json\/wp\/v2\/types\/post"}],"author":[{"embeddable":true,"href":"https:\/\/fsmcv.org\/vl\/wp-json\/wp\/v2\/users\/2"}],"replies":[{"embeddable":true,"href":"https:\/\/fsmcv.org\/vl\/wp-json\/wp\/v2\/comments?post=9175"}],"version-history":[{"count":0,"href":"https:\/\/fsmcv.org\/vl\/wp-json\/wp\/v2\/posts\/9175\/revisions"}],"wp:attachment":[{"href":"https:\/\/fsmcv.org\/vl\/wp-json\/wp\/v2\/media?parent=9175"}],"wp:term":[{"taxonomy":"category","embeddable":true,"href":"https:\/\/fsmcv.org\/vl\/wp-json\/wp\/v2\/categories?post=9175"},{"taxonomy":"post_tag","embeddable":true,"href":"https:\/\/fsmcv.org\/vl\/wp-json\/wp\/v2\/tags?post=9175"}],"curies":[{"name":"wp","href":"https:\/\/api.w.org\/{rel}","templated":true}]}}