{"id":9180,"date":"2018-06-04T12:08:16","date_gmt":"2018-06-04T10:08:16","guid":{"rendered":"https:\/\/fsmcv.org\/?post_type=fsmcv-noticias&#038;p=9180"},"modified":"2021-03-29T16:30:37","modified_gmt":"2021-03-29T14:30:37","slug":"escuela-musica-joaquin-rodrigo-sagunto-bolsa-trabajo-profesores-musica","status":"publish","type":"post","link":"https:\/\/fsmcv.org\/vl\/noticies-del-portal-docupacio\/escuela-musica-joaquin-rodrigo-sagunto-bolsa-trabajo-profesores-musica\/","title":{"rendered":"L&#8217;Escola de M\u00fasica \u201cJoaqu\u00edn Rodrigo\u201d de Sagunt convoca borsa de treball per a professors de m\u00fasica"},"content":{"rendered":"<p>CONVOCAT\u00d2RIA de l&#8217;1 de juny de 2018, de l&#8217;Escola de M\u00fasica \u201cJoaqu\u00edn Rodrigo\u201d, per la qual s&#8217;inicia el termini per a la inscripci\u00f3 d&#8217;aspirants per a la formalitzaci\u00f3 de contractes laborals temporals per a professorat de diferents especialitats musicals en l&#8217;\u00e0mbit de l&#8217;Escola de M\u00fasica \u201cJoaqu\u00edn Rodrigo\u201d.<\/p>\n<p>En el Butllet\u00ed Oficial de l&#8217;Estat (BOE) es va publicar amb data del 4 d&#8217;octubre de 2013, la \u201cResoluci\u00f3 del 18 de setembre de 2013, de la Direcci\u00f3 general d&#8217;Ocupaci\u00f3, per a la qual s&#8217;ha registrat i publicat el VI Acord Estatal Col\u00b7lectiu de Centres d&#8217;ensenyament de perruqueria i est\u00e8tica, ensenyaments d&#8217;arts i oficis musicals i aplicats a l&#8217;art\u00edstic\u201d.<\/p>\n<p>Per tant, per a preparar diferents llistes de selecci\u00f3 temporal per a la realitzaci\u00f3 de <strong>contractes temporals de menys de 9 mesos<\/strong>, per a cobrir les abs\u00e8ncies dels docents corresponents a especialitats musicals.<\/p>\n<p>RESOLDRE:<\/p>\n<p>Primer<\/p>\n<p>Comen\u00e7ar el termini per a la inscripci\u00f3 de les persones interessades en les llistes de sol\u00b7licitants per a la formalitzaci\u00f3 de contractes temporals de treball en el camp de l&#8217;Escola de M\u00fasica \u201cJoaqu\u00edn Rodrigo\u201d, en la categoria de professor de m\u00fasica, en les especialitats que s&#8217;enumeren en l&#8217;Annex I.<\/p>\n<p>Segon<\/p>\n<p>La selecci\u00f3 dels candidats es dur\u00e0 a terme d&#8217;acord amb les bases i l&#8217;escala dels m\u00e8rits indicats en els annexos II i III d&#8217;aquest document.<\/p>\n<p>Sagunt, 28 de maig de 2018<\/p>\n<p>Jos\u00e9 El\u00edas Bosque Burgos, President, Societat Musical Lira Saguntina<\/p>\n<p>Pere Molina Gonz\u00e1lez, Director Escola de M\u00fasica \u201cJoaqu\u00edn Rodrigo\u201d, Societat Musical Lira Saguntina<\/p>\n<h3>Annex I<\/h3>\n<p>Llistat d&#8217;especialitat i requisits de titulaci\u00f3<\/p>\n<table>\n<tbody>\n<tr>\n<td width=\"210\"><em>Llistat<\/em><\/td>\n<td width=\"511\"><em>Requisit de Titulaci\u00f3<\/em><\/td>\n<\/tr>\n<tr>\n<td width=\"210\">Clarinet<\/td>\n<td width=\"511\">T\u00edtol de Grau Superior en l&#8217;especialitat de <em>CLARINET<\/em><\/td>\n<\/tr>\n<tr>\n<td width=\"210\">Tromb\u00f3 \/ Bombard\u00ed<\/p>\n<p>Tuba<\/td>\n<td width=\"511\">T\u00edtol de Grau Superior en l&#8217;especialitat de <em>TUBA o BOMBARD\u00cd o TROMB\u00d3<\/em><\/td>\n<\/tr>\n<tr>\n<td width=\"210\">Trompeta<\/td>\n<td width=\"511\">T\u00edtol de Grau Superior en l&#8217;especialitat de <em>TROMPETA<\/em><\/td>\n<\/tr>\n<tr>\n<td width=\"210\">Trompa<\/td>\n<td width=\"511\">T\u00edtol de Grau Superior en l&#8217;especialitat de <em>TROMPA<\/em><\/td>\n<\/tr>\n<tr>\n<td width=\"210\">Flauta<\/td>\n<td width=\"511\">T\u00edtol de Grau Superior en l&#8217;especialitat de <em>FLAUTA<\/em><\/td>\n<\/tr>\n<tr>\n<td width=\"210\">Saxofon<\/td>\n<td width=\"511\">T\u00edtol de Grau Superior en l&#8217;especialitat de <em>SAXOFON<\/em><\/td>\n<\/tr>\n<tr>\n<td width=\"210\">Percussi\u00f3<\/td>\n<td width=\"511\">T\u00edtol de Grau Superior en l&#8217;especialitat de <em>PERCUSSI\u00d3<\/em><\/td>\n<\/tr>\n<tr>\n<td width=\"210\">Viola<\/td>\n<td width=\"511\">T\u00edtol de Grau Superior en l&#8217;especialitat de <em>VIOLA<\/em><\/td>\n<\/tr>\n<tr>\n<td width=\"210\">Viol\u00ed<\/td>\n<td width=\"511\">T\u00edtol de Grau Superior en l&#8217;especialitat de <em>VIOL\u00cd<\/em><\/td>\n<\/tr>\n<tr>\n<td width=\"210\">Violoncel<\/td>\n<td width=\"511\">T\u00edtol de Grau Superior en l&#8217;especialitat de <em>VIOLONCEL<\/em><\/td>\n<\/tr>\n<tr>\n<td width=\"210\">Guitarra<\/td>\n<td width=\"511\">T\u00edtol de Grau Superior en l&#8217;especialitat de <em>GUITARRA<\/em><\/td>\n<\/tr>\n<tr>\n<td width=\"210\">Cant<\/td>\n<td width=\"511\">T\u00edtol de Grau Superior en l&#8217;especialitat de <em>CANT<\/em><\/td>\n<\/tr>\n<tr>\n<td width=\"210\">Obo\u00e8<\/td>\n<td width=\"511\">T\u00edtol de Grau Superior en l&#8217;especialitat d&#8217;OBO\u00c8.<\/td>\n<\/tr>\n<tr>\n<td width=\"210\">Dol\u00e7aina<\/td>\n<td width=\"511\">T\u00edtol de Grau Superior en l&#8217;especialitat de <em>DOL\u00c7AINA<\/em><\/td>\n<\/tr>\n<tr>\n<td width=\"210\">Fagot<\/td>\n<td width=\"511\">T\u00edtol de Grau Superior en l&#8217;especialitat de <em>FAGOT<\/em><\/td>\n<\/tr>\n<tr>\n<td width=\"210\">M\u00fasica i Moviment<\/td>\n<td width=\"511\">T\u00edtol de Grau Superior en <em>QUALSEVOL ESPECIALITAT MUSICAL<\/em><\/td>\n<\/tr>\n<tr>\n<td width=\"210\">Llenguatge Musical<\/td>\n<td width=\"511\">T\u00edtol de Grau Superior en <em>QUALSEVOL ESPECIALITAT MUSICAL\/<\/em><\/p>\n<p>T\u00edtol de Grau Superior <em>PEDAGOGIA DEL LLENGUATGE MUSICAL<\/em><\/td>\n<\/tr>\n<tr>\n<td width=\"210\">Piano<\/td>\n<td width=\"511\">T\u00edtol de Grau Superior en l&#8217;especialitat de <em>PIANO<\/em><\/td>\n<\/tr>\n<\/tbody>\n<\/table>\n<p>&nbsp;<\/p>\n<p>Consulta les bases completes en el document adjunt.<\/p>\n<h3>Documentaci\u00f3<\/h3>\n<p><a href=\"https:\/\/fsmcv.org\/BTnet-storage\/wp-uploads\/2018\/06\/CONVOCATORIA-BOLSA-DE-TRABAJO.pdf\" target=\"_blank\" rel=\"noopener noreferrer\">Descarrega la convocat\u00f2ria i les bases de la borsa de treball. [PDF]<\/a><\/p>\n","protected":false},"excerpt":{"rendered":"<p>Realitzaci\u00f3 de contractes temporals de menys de 9 mesos per cobrir les abs\u00e8ncies dels docents corresponents a especialitats musicals.<\/p>\n","protected":false},"author":2,"featured_media":0,"comment_status":"closed","ping_status":"closed","sticky":false,"template":"","format":"standard","meta":{"footnotes":""},"categories":[167],"tags":[],"class_list":["post-9180","post","type-post","status-publish","format-standard","hentry","category-noticies-del-portal-docupacio"],"_links":{"self":[{"href":"https:\/\/fsmcv.org\/vl\/wp-json\/wp\/v2\/posts\/9180","targetHints":{"allow":["GET"]}}],"collection":[{"href":"https:\/\/fsmcv.org\/vl\/wp-json\/wp\/v2\/posts"}],"about":[{"href":"https:\/\/fsmcv.org\/vl\/wp-json\/wp\/v2\/types\/post"}],"author":[{"embeddable":true,"href":"https:\/\/fsmcv.org\/vl\/wp-json\/wp\/v2\/users\/2"}],"replies":[{"embeddable":true,"href":"https:\/\/fsmcv.org\/vl\/wp-json\/wp\/v2\/comments?post=9180"}],"version-history":[{"count":0,"href":"https:\/\/fsmcv.org\/vl\/wp-json\/wp\/v2\/posts\/9180\/revisions"}],"wp:attachment":[{"href":"https:\/\/fsmcv.org\/vl\/wp-json\/wp\/v2\/media?parent=9180"}],"wp:term":[{"taxonomy":"category","embeddable":true,"href":"https:\/\/fsmcv.org\/vl\/wp-json\/wp\/v2\/categories?post=9180"},{"taxonomy":"post_tag","embeddable":true,"href":"https:\/\/fsmcv.org\/vl\/wp-json\/wp\/v2\/tags?post=9180"}],"curies":[{"name":"wp","href":"https:\/\/api.w.org\/{rel}","templated":true}]}}