{"id":9188,"date":"2018-06-04T12:48:53","date_gmt":"2018-06-04T10:48:53","guid":{"rendered":"https:\/\/fsmcv.org\/?post_type=fsmcv-noticias&#038;p=9188"},"modified":"2020-09-27T18:25:28","modified_gmt":"2020-09-27T18:25:28","slug":"palau-musica-presentara-temporada-abonants-gala-orquestra-valencia","status":"publish","type":"post","link":"https:\/\/fsmcv.org\/vl\/certamens\/palau-musica-presentara-temporada-abonants-gala-orquestra-valencia\/","title":{"rendered":"El Palau de la M\u00fasica presentar\u00e0 per primera vegada la temporada als abonants en una gala amb l&#8217;Orquestra de Val\u00e8ncia"},"content":{"rendered":"<p>El Palau de la M\u00fasica presentar\u00e0 el proper dimecres 6 de juny la Temporada d\u2019Abonament i General 2018\/19 als seus abonats, en una gala en la qual participar\u00e0 l\u2019Orquestra de Val\u00e8ncia, que ser\u00e0 dirigida pel seu titular Ram\u00f3n Tebar. Es tracta d\u2019una iniciativa que segons la regidora de Cultura i presidenta del Palau, Gl\u00f2ria Tello, \u00ab<em>mai s\u2019havia fet al Palau i l\u2019hem dissenyada perqu\u00e8 volem agrair els nostres abonats el seu suport i la seua fidelitat i que coneguen i gaudisquen de primera m\u00e0 de la nostra excel\u00b7lent programaci\u00f3<\/em>\u00bb, i a m\u00e9s \u00ab<em>amb una gala musical i multim\u00e8dia que ser\u00e0 condu\u00efda per dos grans professionals del m\u00f3n de la comunicaci\u00f3, com s\u00f3n Laura Grande i el locutor especialitzat en m\u00fasica cl\u00e0ssica Mart\u00edn Llade<\/em>\u00bb.<\/p>\n<p>Precisament l\u2019Orquestra de Val\u00e8ncia va prosseguir divendres passat els seus concerts d\u2019abonament de la Temporada de Primavera, amb la direcci\u00f3 del mestre japon\u00e9s Eiji Oue, que va visitar el Palau fa huit anys amb l\u2019OBC de Barcelona, de la qual va ser el seu titular. Debut\u00e0 al capdavant de la formaci\u00f3 simf\u00f2nica valenciana amb un programa franc\u00e9s i nord-americ\u00e0 en el qual es va poder escoltar <em>La mer<\/em>, de Claude Debussy, el rom\u00e0ntic <em>Concert per a piano n\u00fam. 2<\/em> de Camille Caint-S\u00e4ens, que fou interpretat pel virtu\u00f3s i t\u00e8cnic pianista Fazil Say i, dos obres de Leonard Bernstein, que va ser el seu mestre i amic personal: la suite simf\u00f2nica <em>On the Waterfront<\/em> i la suite <em>Candide<\/em> que inclou <em>The Paris Waltz<\/em>, que va dedicar Bersntein a Ou\u00e9.<\/p>\n<p>El mestre japon\u00e9s ha dirigit les principals orquestres del m\u00f3n, incloses les filharm\u00f2niques de Nova York i Munic, l\u2019Orquestra de Filad\u00e8lfia i la Simfonia de la R\u00e0dio de Frankfurt. Va n\u00e0ixer a Hiroshima i va estudiar direcci\u00f3 amb Seiji Ozawa. Este el va convidar a estudiar en el Tanglewood Music Center, on va con\u00e9ixer Bernstein, qui es va convertir en el seu mentor i company, i amb el qual va compartir el podi en tres gires internacionals.<\/p>\n","protected":false},"excerpt":{"rendered":"<p>El Palau de la M\u00fasica presentar\u00e0 el proper dimecres 6 de juny la Temporada d\u2019Abonament i General 2018\/19 als seus abonats, en una gala en la qual participar\u00e0 l\u2019Orquestra de Val\u00e8ncia, que ser\u00e0 dirigida pel seu titular Ram\u00f3n Tebar. <\/p>\n","protected":false},"author":2,"featured_media":0,"comment_status":"closed","ping_status":"closed","sticky":false,"template":"","format":"standard","meta":{"footnotes":""},"categories":[],"tags":[],"class_list":["post-9188","post","type-post","status-publish","format-standard","hentry"],"_links":{"self":[{"href":"https:\/\/fsmcv.org\/vl\/wp-json\/wp\/v2\/posts\/9188","targetHints":{"allow":["GET"]}}],"collection":[{"href":"https:\/\/fsmcv.org\/vl\/wp-json\/wp\/v2\/posts"}],"about":[{"href":"https:\/\/fsmcv.org\/vl\/wp-json\/wp\/v2\/types\/post"}],"author":[{"embeddable":true,"href":"https:\/\/fsmcv.org\/vl\/wp-json\/wp\/v2\/users\/2"}],"replies":[{"embeddable":true,"href":"https:\/\/fsmcv.org\/vl\/wp-json\/wp\/v2\/comments?post=9188"}],"version-history":[{"count":0,"href":"https:\/\/fsmcv.org\/vl\/wp-json\/wp\/v2\/posts\/9188\/revisions"}],"wp:attachment":[{"href":"https:\/\/fsmcv.org\/vl\/wp-json\/wp\/v2\/media?parent=9188"}],"wp:term":[{"taxonomy":"category","embeddable":true,"href":"https:\/\/fsmcv.org\/vl\/wp-json\/wp\/v2\/categories?post=9188"},{"taxonomy":"post_tag","embeddable":true,"href":"https:\/\/fsmcv.org\/vl\/wp-json\/wp\/v2\/tags?post=9188"}],"curies":[{"name":"wp","href":"https:\/\/api.w.org\/{rel}","templated":true}]}}