{"id":9193,"date":"2018-06-05T09:07:27","date_gmt":"2018-06-05T07:07:27","guid":{"rendered":"https:\/\/fsmcv.org\/?post_type=fsmcv-noticias&#038;p=9193"},"modified":"2020-09-27T18:25:40","modified_gmt":"2020-09-27T18:25:40","slug":"fsmcv-galardonado-vii-premios-cope-valencia","status":"publish","type":"post","link":"https:\/\/fsmcv.org\/vl\/certamens\/fsmcv-galardonado-vii-premios-cope-valencia\/","title":{"rendered":"La FSMCV entre els guardonats de la VII edici\u00f3 dels Premis COPE Val\u00e8ncia"},"content":{"rendered":"<p>COPE Val\u00e8ncia celebra la VII Edici\u00f3 dels Premis COPE. Uns guardons que tenen com a objectiu recon\u00e8ixer a empreses, associacions i particulars que al llarg de l&#8217;any han destacat per la seua labor, treball i esfor\u00e7 en la promoci\u00f3 i millora de la Comunitat Valenciana.<\/p>\n<p>Entre els guardonats d&#8217;enguany destaquen la Fundaci\u00f3 Columbus, la Federaci\u00f3 de Societats Musicals de la Comunitat Valenciana, l&#8217;hotel Balneario Las Arenas, l&#8217;Escola T\u00e8cnica Superior d&#8217;Enginyers de Camins, Canals i Ports de la Universitat Polit\u00e8cnica de Val\u00e8ncia, el projecte cultural i gastron\u00f2mic del grup Heineken en el Veles e Vents, l&#8217;hospital IMED Val\u00e8ncia, i el catedr\u00e0tic de seguretat vial, Luis Montoro i el director de l&#8217;Observatori de Bio\u00e8tica de la Universitat Cat\u00f2lica de Val\u00e8ncia, Justo Aznar.<\/p>\n<p>El lliurament dels guardons tindr\u00e0 lloc el pr\u00f2xim dijous 14 de juny en l&#8217;edifici Veles e Vents de la Marina de Val\u00e8ncia i comptar\u00e0 amb representants de la societat, l&#8217;esport, la cultura i la pol\u00edtica valenciana.<\/p>\n<h3>Guardonats VII Premis Cope Val\u00e8ncia 2018<\/h3>\n<p>&#8211; <em>Premi Turisme:<\/em> Hotel Balneario Las Arenas<br \/>\n&#8211; <em>Premi Sanitat:<\/em> Fundaci\u00f3 Valenciana d&#8217;Oncologia<br \/>\n&#8211; <em>Premi Traject\u00f2ria Professional:<\/em> Escola T\u00e8cnica Superior de Camins, Canals i Ports de la Universitat Polit\u00e8cnica de Val\u00e8ncia<br \/>\n&#8211; <em>Premi Solidaritat:<\/em> Fundaci\u00f3 Columbus<br \/>\n&#8211; <em>Premi Tradicions Valencianes:<\/em> Federaci\u00f3 de Societats Musicals de la Comunitat Valenciana (FSMCV)<br \/>\n&#8211; <em>Premi Seguretat Vial:<\/em> Luis Montoro<br \/>\n&#8211; <em>Premi Educaci\u00f3:<\/em> Justo Aznar<br \/>\n&#8211; <em>Premi Comprom\u00eds Social:<\/em> Col\u00b7legis Diocesans Santiago Ap\u00f2stol i Nostra Senyora dels Desemparats de Val\u00e8ncia<br \/>\n&#8211; <em>Premi Cultura:<\/em> Projecte cultural i gastron\u00f2mic de Heineken Espanya en Veles e Vents<br \/>\n&#8211; <em>Premi Qualitat i Excel\u00b7l\u00e8ncia:<\/em> Hospital IMED Val\u00e8ncia<br \/>\n&#8211; <em>Premi Esport:<\/em> Paco L\u00f3pez<br \/>\n&#8211; <em>Premi Popular:<\/em> Enrique Ponce<\/p>\n","protected":false},"excerpt":{"rendered":"<p>El lliurament dels guardons ser\u00e0 el pr\u00f2xim dijous 14 de juny en l&#8217;edifici Veles e Vents de la Marina de Val\u00e8ncia.<\/p>\n","protected":false},"author":2,"featured_media":0,"comment_status":"closed","ping_status":"closed","sticky":false,"template":"","format":"standard","meta":{"footnotes":""},"categories":[],"tags":[],"class_list":["post-9193","post","type-post","status-publish","format-standard","hentry"],"_links":{"self":[{"href":"https:\/\/fsmcv.org\/vl\/wp-json\/wp\/v2\/posts\/9193","targetHints":{"allow":["GET"]}}],"collection":[{"href":"https:\/\/fsmcv.org\/vl\/wp-json\/wp\/v2\/posts"}],"about":[{"href":"https:\/\/fsmcv.org\/vl\/wp-json\/wp\/v2\/types\/post"}],"author":[{"embeddable":true,"href":"https:\/\/fsmcv.org\/vl\/wp-json\/wp\/v2\/users\/2"}],"replies":[{"embeddable":true,"href":"https:\/\/fsmcv.org\/vl\/wp-json\/wp\/v2\/comments?post=9193"}],"version-history":[{"count":0,"href":"https:\/\/fsmcv.org\/vl\/wp-json\/wp\/v2\/posts\/9193\/revisions"}],"wp:attachment":[{"href":"https:\/\/fsmcv.org\/vl\/wp-json\/wp\/v2\/media?parent=9193"}],"wp:term":[{"taxonomy":"category","embeddable":true,"href":"https:\/\/fsmcv.org\/vl\/wp-json\/wp\/v2\/categories?post=9193"},{"taxonomy":"post_tag","embeddable":true,"href":"https:\/\/fsmcv.org\/vl\/wp-json\/wp\/v2\/tags?post=9193"}],"curies":[{"name":"wp","href":"https:\/\/api.w.org\/{rel}","templated":true}]}}