{"id":9236,"date":"2018-06-07T10:27:51","date_gmt":"2018-06-07T08:27:51","guid":{"rendered":"https:\/\/fsmcv.org\/?post_type=fsmcv-noticias&#038;p=9236"},"modified":"2021-03-29T16:27:45","modified_gmt":"2021-03-29T14:27:45","slug":"curso-direccion-musical-sent-me-cocentaina-2018","status":"publish","type":"post","link":"https:\/\/fsmcv.org\/vl\/area-educativa-vl\/xarxa-centres-educatius\/curso-direccion-musical-sent-me-cocentaina-2018\/","title":{"rendered":"Curs de Direcci\u00f3 Musical en SENT-ME COCENTAINA 2018"},"content":{"rendered":"<p>Per cinqu\u00e8 any consecutiu Cocentaina es converteix en un centre de rellevant import\u00e0ncia per a l&#8217;educaci\u00f3 i el gaudi musical en el SENT-EM COCENTAINA 2018, Simposi Trobada de Noves Tend\u00e8ncies en M\u00fasica i Educaci\u00f3. En SENT-ME s&#8217;imparteixen especialitats instrumentals, xarrades i confer\u00e8ncies, i tamb\u00e9 s&#8217;ofereixen concerts.<\/p>\n<p>Dins de l&#8217;oferta formativa t\u00e9 lloc cada any el Curs de Direcci\u00f3 Musical que imparteix el mestre Ignacio Garc\u00eda-Vidal, director d&#8217;orquestra de reconegut prestigi, que complementa la seua carrera art\u00edstica amb una important labor pedag\u00f2gica en diversos continents. Garc\u00eda-Vidal dirigeix regularment orquestres de primer nivell com l&#8217;Orquesta Sinf\u00f3nica de RTVE, Orquesta Sinf\u00f3nica Nacional Argentina, Orquesta Filarm\u00f3nica del Teatro Col\u00f3n de Buenos Aires, Orquestra Simf\u00f2nica de Tenerife, i un llarg etc\u00e8tera. A m\u00e9s, \u00e9s professor de Direcci\u00f3 d&#8217;Orquestra en la Universidad Nacional de Avellaneda a Buenos Aires (Argentina), i imparteix tallers i cursos en diversos llocs del m\u00f3n, com Uruguai, Equador, Col\u00f2mbia, Lanzarote o el propi SENT-ME de Cocentaina.<\/p>\n<p>En el Curs de Direcci\u00f3 de SENT-ME COCENTAINA els alumnes realitzen les pr\u00e0ctiques dirigint a l&#8217;Orquestra Simf\u00f2nica del SENT-ME, reben classes de teoria i t\u00e8cnica de la Direcci\u00f3, i a m\u00e9s participen en tots els continguts i concerts del Festival.<\/p>\n<p><strong>El termini de matr\u00edcula estar\u00e0 obert fins al 30 de juny,<\/strong> i s&#8217;accepten estudiants de tots els nivells, sent la voluntat de SENT-ME oferir la possibilitat de formar-se a tots els alumnes que ho desitgen.<\/p>\n<p>Tota la informaci\u00f3 es pot consultar en la web: <a href=\"http:\/\/www.turismococentaina.com\/\" target=\"_blank\" rel=\"noopener noreferrer\">www.turismococentaina.com<\/a><\/p>\n","protected":false},"excerpt":{"rendered":"<p>Del 16 al 21 de juliol el director d&#8217;orquestra i doctor en pedagogia de la Direcci\u00f3 musical, Ignacio Garc\u00eda-Vidal, impartir\u00e0 l&#8217;especialitat de Direcci\u00f3 musical en la localitat alacantina de Cocentaina. El termini de matr\u00edcula estar\u00e0 obert fins al 30 de juny.<\/p>\n","protected":false},"author":2,"featured_media":0,"comment_status":"closed","ping_status":"closed","sticky":false,"template":"","format":"standard","meta":{"footnotes":""},"categories":[164],"tags":[],"class_list":["post-9236","post","type-post","status-publish","format-standard","hentry","category-xarxa-centres-educatius"],"_links":{"self":[{"href":"https:\/\/fsmcv.org\/vl\/wp-json\/wp\/v2\/posts\/9236","targetHints":{"allow":["GET"]}}],"collection":[{"href":"https:\/\/fsmcv.org\/vl\/wp-json\/wp\/v2\/posts"}],"about":[{"href":"https:\/\/fsmcv.org\/vl\/wp-json\/wp\/v2\/types\/post"}],"author":[{"embeddable":true,"href":"https:\/\/fsmcv.org\/vl\/wp-json\/wp\/v2\/users\/2"}],"replies":[{"embeddable":true,"href":"https:\/\/fsmcv.org\/vl\/wp-json\/wp\/v2\/comments?post=9236"}],"version-history":[{"count":0,"href":"https:\/\/fsmcv.org\/vl\/wp-json\/wp\/v2\/posts\/9236\/revisions"}],"wp:attachment":[{"href":"https:\/\/fsmcv.org\/vl\/wp-json\/wp\/v2\/media?parent=9236"}],"wp:term":[{"taxonomy":"category","embeddable":true,"href":"https:\/\/fsmcv.org\/vl\/wp-json\/wp\/v2\/categories?post=9236"},{"taxonomy":"post_tag","embeddable":true,"href":"https:\/\/fsmcv.org\/vl\/wp-json\/wp\/v2\/tags?post=9236"}],"curies":[{"name":"wp","href":"https:\/\/api.w.org\/{rel}","templated":true}]}}