{"id":9265,"date":"2018-06-07T17:00:47","date_gmt":"2018-06-07T15:00:47","guid":{"rendered":"https:\/\/fsmcv.org\/?post_type=fsmcv-noticias&#038;p=9265"},"modified":"2021-09-30T11:24:26","modified_gmt":"2021-09-30T09:24:26","slug":"valencia-brass-band-presenta-el-dissabte-9-de-juny-el-seu-primer-treball-discografic-metallon","status":"publish","type":"post","link":"https:\/\/fsmcv.org\/vl\/certamens\/valencia-brass-band-presenta-el-dissabte-9-de-juny-el-seu-primer-treball-discografic-metallon\/","title":{"rendered":"Valencia Brass Band presenta el dissabte 9 de juny el seu primer treball discogr\u00e0fic: &#8220;M\u00e9tallon&#8221;"},"content":{"rendered":"<p><em>M\u00e9tallon<\/em> no \u00e9s nom\u00e9s un CD, \u00e9s la consolidaci\u00f3 d&#8217;un ambici\u00f3s projecte que va n\u00e0ixer de la inquietud d&#8217;uns quants m\u00fasics professionals i el seu director, Enrique Alborch. L&#8217;estiu de 2014 van decidir engegar de manera estable i fora de l&#8217;\u00e0mbit acad\u00e8mic una formaci\u00f3 poc habitual en el nostre pa\u00eds: una Brass Band.<\/p>\n<p>La Val\u00e8ncia Brass Band by Inel ha suposat la irrupci\u00f3 d&#8217;una formaci\u00f3 nova i de gran qualitat en el panorama musical valenci\u00e0 i nacional. 16 concerts en importants ciutats i festivals en tan sol 3 temporades avalen la seua activitat.<\/p>\n<p>Amb una base de 30 m\u00fasics habituals de vent metall i percussi\u00f3 en la plantilla de diferents punts de la Comunitat Valenciana, s\u00f3n m\u00e9s de 50 els professionals que han col\u00b7laborat amb la formacio\u00f3n en alguna de les diferents actuacions.<\/p>\n<p>Per\u00f2 <em>M\u00e9tallon<\/em>, el CD que es presenta pr\u00f2ximament, t\u00e9 un gran valor afegit, es tracta de m\u00fasica escrita o adaptada per a la VBB by Inel (a excepci\u00f3 del <em>Mambo<\/em>, un dels seus habituals bises en els concerts) per grans compositors de renom nacional i internacional nascuts en la nostra terra (Val\u00e8ncia).<\/p>\n<p>Aquest treball discogr\u00e0fic ha sigut possible gr\u00e0cies al patrocini de l&#8217;empresa el\u00e8ctrica amb seu a Ontinyent INEL, la qual recolza aquest projecte des del principi de les seues activitats.<\/p>\n<p>A m\u00e9s, tamb\u00e9 s\u00f3n col\u00b7laboradors necessaris les bandes Agrupaci\u00f3 Musical Ontinyent, seu habitual per als assajos i la Societat Escola Musical Santa Cec\u00edlia de l&#8217;Olleria i Uni\u00f3 Musical Benicadell de Castell\u00f3 de Rugat.<\/p>\n<p>Entrades disponibles a trav\u00e9s dels membres de la Val\u00e8ncia Brass Band by Inel o a Ontinyent, en la Agrupaci\u00f3 Musical i en les instal\u00b7lacions d&#8217;Inel.<\/p>\n","protected":false},"excerpt":{"rendered":"<p>La Valencia Brass Band by Inel presenta el pr\u00f2xim dissabte 9 de juny a les 19:00 hores en el Teatre Echegaray d&#8217;Ontinyent el seu primer treball discogr\u00e0fic, &#8220;M\u00e9tallon&#8221;.<\/p>\n","protected":false},"author":2,"featured_media":0,"comment_status":"closed","ping_status":"closed","sticky":false,"template":"","format":"standard","meta":{"footnotes":""},"categories":[234],"tags":[],"class_list":["post-9265","post","type-post","status-publish","format-standard","hentry","category-certamens"],"_links":{"self":[{"href":"https:\/\/fsmcv.org\/vl\/wp-json\/wp\/v2\/posts\/9265","targetHints":{"allow":["GET"]}}],"collection":[{"href":"https:\/\/fsmcv.org\/vl\/wp-json\/wp\/v2\/posts"}],"about":[{"href":"https:\/\/fsmcv.org\/vl\/wp-json\/wp\/v2\/types\/post"}],"author":[{"embeddable":true,"href":"https:\/\/fsmcv.org\/vl\/wp-json\/wp\/v2\/users\/2"}],"replies":[{"embeddable":true,"href":"https:\/\/fsmcv.org\/vl\/wp-json\/wp\/v2\/comments?post=9265"}],"version-history":[{"count":0,"href":"https:\/\/fsmcv.org\/vl\/wp-json\/wp\/v2\/posts\/9265\/revisions"}],"wp:attachment":[{"href":"https:\/\/fsmcv.org\/vl\/wp-json\/wp\/v2\/media?parent=9265"}],"wp:term":[{"taxonomy":"category","embeddable":true,"href":"https:\/\/fsmcv.org\/vl\/wp-json\/wp\/v2\/categories?post=9265"},{"taxonomy":"post_tag","embeddable":true,"href":"https:\/\/fsmcv.org\/vl\/wp-json\/wp\/v2\/tags?post=9265"}],"curies":[{"name":"wp","href":"https:\/\/api.w.org\/{rel}","templated":true}]}}