{"id":9328,"date":"2018-06-13T13:25:47","date_gmt":"2018-06-13T11:25:47","guid":{"rendered":"https:\/\/fsmcv.org\/?post_type=fsmcv-noticias&#038;p=9328"},"modified":"2020-09-27T18:18:50","modified_gmt":"2020-09-27T18:18:50","slug":"fsmcv-recuerda-les-corts-sociedades-musicales-impulsar-presencia-liderazgo-mujer-ambito-musical","status":"publish","type":"post","link":"https:\/\/fsmcv.org\/vl\/certamens\/fsmcv-recuerda-les-corts-sociedades-musicales-impulsar-presencia-liderazgo-mujer-ambito-musical\/","title":{"rendered":"La FSMCV recorda a Les Corts que les Societats Musicals porten anys treballant per a impulsar la pres\u00e8ncia i el lideratge de la dona en l&#8217;\u00e0mbit musical"},"content":{"rendered":"<p>Davant l&#8217;aprovaci\u00f3 ahir a Les Corts de la proposta realitzada pel tripartit d&#8217;un Projecte No de Llei per a reclamar al Consell mesures que potencien la igualtat en l&#8217;\u00e0mbit musical, la Federaci\u00f3 de Societats Musicals de la Comunitat Valenciana (FSMCV) ha destacat estar molt satisfet amb aquesta mesura que ells mateixos porten liderant des de fa anys, per\u00f2 que alhora \u00e9s s\u00edmptoma de desconeixement del sector per part dels promotors de la iniciativa.<\/p>\n<p>\u201c<em>Estem molt contents que es done major visibilitat a una necessitat que des de la FSMCV hem encap\u00e7alat des de fa molt de temps i que s&#8217;ha concretat amb nombroses accions d&#8217;\u00e8xit. No obstant a\u00e7\u00f2, estem conven\u00e7uts que s&#8217;hauria pogut millorar la proposta del text de la Proposici\u00f3 No de Llei si els seus impulsors s&#8217;hagueren posat en contacte amb nosaltres per a recaptar informaci\u00f3 del sector com a primer subscriptor de la Comunitat Valenciana i tercer nacional de la Plataforma Igualtat en les Arts Esc\u00e8niques i la M\u00fasica<\/em>\u201d, ha declarat Pedro Rodr\u00edguez, president de la FSMCV.<\/p>\n<p>Entre les mesures engegades per la Federaci\u00f3 en l&#8217;\u00e0mbit de la igualtat destaquen la creaci\u00f3 en 2015 de la Banda de Dones de la FSMCV, comptar amb una Junta Directiva parit\u00e0ria, l&#8217;aprovaci\u00f3 en 2017 de la modificaci\u00f3 dels seus estatuts per a incorporar entre les seues finalitats la igualtat d&#8217;oportunitats entre homes i dones, aix\u00ed com la publicaci\u00f3 d&#8217;un dec\u00e0leg amb la finalitat d&#8217;impulsar la pres\u00e8ncia i el lideratge de la dona en la m\u00fasica, dec\u00e0leg que supera en alguns temes fins i tot la proposta que ara arriba de Les Corts. Juntament amb a\u00e7\u00f2, en els tres Congressos de Societats Musicals celebrats fins al moment s&#8217;ha tractat aquest tema amb especial profunditat i sensibilitat, i fins i tot, ja en 1991 es van realitzar pon\u00e8ncies dedicades exclusivament a visibilizar el paper de la dona en la Junta Directiva de les Societats Musicals, la qual cosa posteriorment es va avalar amb les accions anteriorment referides.<\/p>\n<blockquote><p>\u201c<em>Amb aquestes iniciatives, hem mostrat cont\u00ednuament el nostre comprom\u00eds amb el desenvolupament d&#8217;un panorama cultural igualitari per a homes i dones en el qual desapareguen les barreres per q\u00fcestions de sexe i es dignifique i reconega la hist\u00f2rica aportaci\u00f3 de les dones a la m\u00fasica des de fa segles fins a l&#8217;actualitat<\/em>\u201d, ha assenyalat Pedro Rodr\u00edguez.<\/p><\/blockquote>\n<p>\u201c<em>Precisament, la Banda de Dones va ser una iniciativa de la FSMCV per a donar veu a les dones en l&#8217;\u00e0mbit musical, silenciades durant segles, mitjan\u00e7ant el reconeixement del seu treball des de la interpretaci\u00f3, la direcci\u00f3, la composici\u00f3 o la gesti\u00f3<\/em>\u201d, ha continuat Rodr\u00edguez.<\/p>\n<p>Com ja va informar en 2017 la FSMCV, el 37% dels m\u00fasics de les societats musicals federades s\u00f3n dones i en la franja d&#8217;edat que arriba fins als 20 anys la pres\u00e8ncia femenina supera en alguns casos cotes del 50%. A m\u00e9s, cada any la FSMCV rep m\u00e9s de 200 sol\u00b7licituds per a formar part de la Banda de Dones, dades que evidencien l&#8217;evoluci\u00f3 i creixement de la implicaci\u00f3 i de la pres\u00e8ncia de la dona en les Societats Musicals.<\/p>\n<h3>2017: Dec\u00e0leg per a impulsar la pres\u00e8ncia i el lideratge de la dona en l&#8217;\u00e0mbit musical<\/h3>\n<p>El passat any, la FSMCV va publicar un dec\u00e0leg de claus b\u00e0siques per a impulsar la pres\u00e8ncia i el lideratge de la dona en l&#8217;\u00e0mbit musical amb la finalitat d&#8217;assentar bases constructives en l&#8217;entramat musical que permeten acabar amb les desigualtats de g\u00e8nere en aquest sector:<\/p>\n<p>1. <strong>Educaci\u00f3<\/strong>: les societats musicals i la seua federaci\u00f3 hem d&#8217;incentivar i crear programes que promocionen noves generacions de dones directores i de dones directives. El paper de les juntes directives i del professorat \u00e9s fonamental.<\/p>\n<p>2. <strong>Formaci\u00f3<\/strong>: Qualsevol persona, amb la formaci\u00f3 adequada, t\u00e9 dret a l&#8217;acompliment de qualsevol activitat independentment del seu sexe. I a\u00e7\u00f2 abasta, per descomptat, a les societats musicals.<\/p>\n<p>3. <strong>Programes<\/strong>: La creaci\u00f3 d&#8217;un programa d&#8217;igualtat en cada entitat \u00e9s clau per a incrementar la pres\u00e8ncia de dones en el m\u00f3n de la m\u00fasica.<\/p>\n<p>4. <strong>Conciliaci\u00f3<\/strong>: A m\u00e9s, aquests programes han d&#8217;anar recolzats per iniciatives que permeten a les fam\u00edlies compatibilitzar les carreres musicals i la vida associativa dels seus membres amb el seu \u00e0mbit familiar.<\/p>\n<p>5. <strong>Pres\u00e8ncia<\/strong> en les capes m\u00e9s altes del sistema: \u00c9s imprescindible fomentar des de les etapes formatives valors com el lideratge, independentment del sexe.<\/p>\n<p>6. <strong>Reconeixement<\/strong>: \u00c9s important valorar l&#8217;aportaci\u00f3 de les dones en l&#8217;\u00e0mbit musical per a dignificar i promoure la seua pres\u00e8ncia. \u00c9s fonamental donar visibilitat a tots els casos d&#8217;\u00e8xit aconseguits per dones.<\/p>\n<p>7. Disposar de <strong>referents<\/strong> en el m\u00f3n simf\u00f2nic permet que aquests siguen estudiats des de les etapes m\u00e9s primerenques, generant empaties, lideratges i sentiments d&#8217;identitat.<\/p>\n<p>8. <strong>Contingents<\/strong>: desgraciadament segueix sent necessari mantenir contingents all\u00e0 on la representaci\u00f3 de la dona no arriba al 50%. Ens hem de moure en contingents d&#8217;entre el 40 i 60% de pres\u00e8ncia de dones, tamb\u00e9 en les nostres plantilles, professorat i juntes directives.<\/p>\n<p>9. <strong>Audicions a cegues<\/strong>: per a eliminar qualsevol barrera social i cultural, apostem per l&#8217;increment d&#8217;audicions realitzades a cegues i valoracions de curr\u00edculums asexuats.<\/p>\n<p>10. <strong>Lideratge<\/strong>: \u00c9s necessari impulsar el paper de la dona com a compositores i directores de bandes, orquestres i centres d&#8217;educaci\u00f3 musical, perqu\u00e8 hi haja una visibilitat a nivell mundial entre els l\u00edders medi\u00e0tics del sistema.<\/p>\n","protected":false},"excerpt":{"rendered":"<p>\u00c9s la resposta de la Federaci\u00f3 de Societats Musicals a l&#8217;aprovaci\u00f3 de la Proposici\u00f3 No de Llei pel tripartit per a demanar al Consell mesures que incentiven la igualtat en l&#8217;\u00e0mbit musical.<\/p>\n","protected":false},"author":2,"featured_media":0,"comment_status":"closed","ping_status":"closed","sticky":false,"template":"","format":"standard","meta":{"footnotes":""},"categories":[],"tags":[],"class_list":["post-9328","post","type-post","status-publish","format-standard","hentry"],"_links":{"self":[{"href":"https:\/\/fsmcv.org\/vl\/wp-json\/wp\/v2\/posts\/9328","targetHints":{"allow":["GET"]}}],"collection":[{"href":"https:\/\/fsmcv.org\/vl\/wp-json\/wp\/v2\/posts"}],"about":[{"href":"https:\/\/fsmcv.org\/vl\/wp-json\/wp\/v2\/types\/post"}],"author":[{"embeddable":true,"href":"https:\/\/fsmcv.org\/vl\/wp-json\/wp\/v2\/users\/2"}],"replies":[{"embeddable":true,"href":"https:\/\/fsmcv.org\/vl\/wp-json\/wp\/v2\/comments?post=9328"}],"version-history":[{"count":0,"href":"https:\/\/fsmcv.org\/vl\/wp-json\/wp\/v2\/posts\/9328\/revisions"}],"wp:attachment":[{"href":"https:\/\/fsmcv.org\/vl\/wp-json\/wp\/v2\/media?parent=9328"}],"wp:term":[{"taxonomy":"category","embeddable":true,"href":"https:\/\/fsmcv.org\/vl\/wp-json\/wp\/v2\/categories?post=9328"},{"taxonomy":"post_tag","embeddable":true,"href":"https:\/\/fsmcv.org\/vl\/wp-json\/wp\/v2\/tags?post=9328"}],"curies":[{"name":"wp","href":"https:\/\/api.w.org\/{rel}","templated":true}]}}