{"id":9332,"date":"2018-06-14T10:03:45","date_gmt":"2018-06-14T08:03:45","guid":{"rendered":"https:\/\/fsmcv.org\/?post_type=fsmcv-noticias&#038;p=9332"},"modified":"2021-03-29T14:30:09","modified_gmt":"2021-03-29T12:30:09","slug":"ix-curso-iv-concurso-direccion-orquesta-ciudad-requena","status":"publish","type":"post","link":"https:\/\/fsmcv.org\/vl\/area-educativa-vl\/xarxa-centres-educatius\/ix-curso-iv-concurso-direccion-orquesta-ciudad-requena\/","title":{"rendered":"IX Curs i IV Concurs de Direcci\u00f3 d&#8217;Orquestra &#8220;Ciudad de Requena&#8221;"},"content":{"rendered":"<p>L&#8217;Orquestra Filharm\u00f2nica de Requena organitza la IX edici\u00f3 i IV edici\u00f3 respectivament del seu Curs i Concurs de Direcci\u00f3 d&#8217;Orquestra \u201cCiudad de Requena\u201d que se celebrar\u00e0 del 23 al 27 de juliol en el municipi.<\/p>\n<h3>Curs<\/h3>\n<p>El curs, centrat en el simfonisme de Chaikovsky, est\u00e0 destinat a aquells m\u00fasics que senten la necessitat de con\u00e8ixer d&#8217;a prop com \u00e9s el m\u00f3n de la direcci\u00f3 d&#8217;orquestra, adaptant-se als diferents nivells per a optimitzar els resultats (professionals, amateur, alumnes de direcci\u00f3, directors&#8230;).<\/p>\n<p>En ell es treballaran diversos aspectes, com la figura del director, qu\u00e8 \u00e9s i para qu\u00e8 serveix la t\u00e8cnica, les estrat\u00e8gies d&#8217;assaig, la import\u00e0ncia d&#8217;una bona programaci\u00f3, o com enfrontar-se a una partitura.<\/p>\n<p>Sota la direcci\u00f3 de Francisco Melero.<\/p>\n<p><strong>Obra d&#8217;estudi i programa de concert:<\/strong> <em>Simfonia N\u00ba 4 en Fa m. Op. 36<\/em> de P. I. Chaikovsky.<\/p>\n<p><strong>Preu:<\/strong><\/p>\n<p>250 \u20ac alumne actiu.<br \/>\n100 \u20ac alumne o\u00efdor.<\/p>\n<p><strong>Nombre d&#8217;alumnes:<\/strong> l\u00edmit de 20 alumnes actius (il\u00b7limitats el nombre d&#8217;o\u00efdors).<\/p>\n<h3>Concurs<\/h3>\n<p>L&#8217;Orquestra triar\u00e0 a l&#8217;alumne o alumna, que a criteri de la mateixa i despr\u00e9s de votaci\u00f3, haja realitzat el millor curs. En cas d&#8217;empat, ser\u00e0 el mestre el que donar\u00e0 el vot definitiu.<\/p>\n<p>El premi consistir\u00e0 en el seu nomenament com a director assistent del concert que realitzar\u00e0 la \u201cOrquestra Filharm\u00f2nica de Requena\u201d el 25 d&#8217;agost, aix\u00ed com durant l&#8217;any vigent. A m\u00e9s, realitzar\u00e0 un concert com a director convidat amb l&#8217;Orquestra (data a determinar).<\/p>\n<h3>Inscripcions<\/h3>\n<p>Els alumnes han d&#8217;emplenar la matr\u00edcula d&#8217;inscripci\u00f3 enviant el seu curriculum, en el qual s&#8217;indique la seua experi\u00e8ncia com a director o un resum de la seua experi\u00e8ncia professional musical, al correu: <a href=\"mailto:ernesto_monzo@hotmail.es\">ernesto_monzo@hotmail.es<\/a><\/p>\n<p>La reserva d&#8217;inscripci\u00f3 del curs \u00e9s de 60 \u20ac que es pagaran en el seg\u00fcent compte: IBAN-ES50 3058 7001 11 2720006393 indicant el nom del cursista i especificant el concepte de \u201ccurso de direcci\u00f3n\u201d.<\/p>\n<p>IMPORTANT: La resta del pagament es realitzar\u00e0 despr\u00e9s de l&#8217;inici de les classes una vegada que s&#8217;haja establit el grup. L&#8217;organitzaci\u00f3 indicar\u00e0 com s&#8217;efectuar\u00e0 el pagament del mateix.<\/p>\n<p>En cas de no realitzar-se el curs seria reemborsat els diners de la reserva del curs pagat, en cas contrari, en cas de realitzar-se el curs i no assistir l&#8217;alumne, l&#8217;organitzaci\u00f3 es quedaria amb el senyal en concepte de despeses de secretaria.<\/p>\n<h3>Documentaci\u00f3<\/h3>\n<p><a href=\"https:\/\/fsmcv.org\/BTnet-storage\/wp-uploads\/2018\/06\/Informacion-Inscripcion-Curso-Direccion-Orquesta-Requena-2018.pdf\" target=\"_blank\" rel=\"noopener noreferrer\">Descarrega les bases i el full d&#8217;inscripci\u00f3. [PDF]<\/a><\/p>\n","protected":false},"excerpt":{"rendered":"<p>L&#8217;Orquestra Filharm\u00f2nica de Requena organitza la IX edici\u00f3 i IV edici\u00f3 respectivament del seu Curs i Concurs de Direcci\u00f3 d&#8217;Orquestra \u201cCiudad de Requena\u201d que se celebrar\u00e0 del 23 al 27 de juliol en el municipi.<\/p>\n","protected":false},"author":2,"featured_media":0,"comment_status":"closed","ping_status":"closed","sticky":false,"template":"","format":"standard","meta":{"footnotes":""},"categories":[164],"tags":[],"class_list":["post-9332","post","type-post","status-publish","format-standard","hentry","category-xarxa-centres-educatius"],"_links":{"self":[{"href":"https:\/\/fsmcv.org\/vl\/wp-json\/wp\/v2\/posts\/9332","targetHints":{"allow":["GET"]}}],"collection":[{"href":"https:\/\/fsmcv.org\/vl\/wp-json\/wp\/v2\/posts"}],"about":[{"href":"https:\/\/fsmcv.org\/vl\/wp-json\/wp\/v2\/types\/post"}],"author":[{"embeddable":true,"href":"https:\/\/fsmcv.org\/vl\/wp-json\/wp\/v2\/users\/2"}],"replies":[{"embeddable":true,"href":"https:\/\/fsmcv.org\/vl\/wp-json\/wp\/v2\/comments?post=9332"}],"version-history":[{"count":0,"href":"https:\/\/fsmcv.org\/vl\/wp-json\/wp\/v2\/posts\/9332\/revisions"}],"wp:attachment":[{"href":"https:\/\/fsmcv.org\/vl\/wp-json\/wp\/v2\/media?parent=9332"}],"wp:term":[{"taxonomy":"category","embeddable":true,"href":"https:\/\/fsmcv.org\/vl\/wp-json\/wp\/v2\/categories?post=9332"},{"taxonomy":"post_tag","embeddable":true,"href":"https:\/\/fsmcv.org\/vl\/wp-json\/wp\/v2\/tags?post=9332"}],"curies":[{"name":"wp","href":"https:\/\/api.w.org\/{rel}","templated":true}]}}