{"id":9337,"date":"2018-06-14T12:07:50","date_gmt":"2018-06-14T10:07:50","guid":{"rendered":"https:\/\/fsmcv.org\/?post_type=fsmcv-noticias&#038;p=9337"},"modified":"2021-09-30T11:38:27","modified_gmt":"2021-09-30T09:38:27","slug":"asociacion-cultural-amigos-musica-san-antonio-benageber-estrena-pasodoble-frank-cogollos","status":"publish","type":"post","link":"https:\/\/fsmcv.org\/vl\/certamens\/asociacion-cultural-amigos-musica-san-antonio-benageber-estrena-pasodoble-frank-cogollos\/","title":{"rendered":"L&#8217;Asociaci\u00f3n Cultural \u201cAmigos de la M\u00fasica\u201d de San Antonio de Benag\u00e9ver estrena un pasdoble de Frank Cogollos dedicat al poble"},"content":{"rendered":"<p>L&#8217;Asociaci\u00f3n Cultural \u201cAmigos de la M\u00fasica\u201d de San Antonio de Benag\u00e9ver201 finalitza el curs 2017-18 amb un concert emmarcat en la campanya de la Generalitat Valenciana \u201c600 anys de m\u00fasica\u201d en el qual s&#8217;estrenar\u00e0 un pasdoble encarregat al jove compositor valenci\u00e0 Frank Cogollos (Carcaixent, 1977), autor recentment guardonat en diversos concursos internacionals de composici\u00f3. El concert se celebrar\u00e0 aquest dissabte 16 de juny a les 19:30 hores en l&#8217;espai social del mercat municipal.<\/p>\n<p>El programa es completar\u00e0 amb un repertori del classicisme amb el qual recentment diversos components d&#8217;aquesta xicoteta banda de m\u00fasica va col\u00b7laborar amb una altra societat musical valenciana en un projecte col\u00b7laboratiu celebrat en el Palau de les Arts Reina Sofia de Val\u00e8ncia. El concert estar\u00e0 dirigit pel titular de l&#8217;agrupaci\u00f3, Enrique Barrachina, excepte el pasdoble que s&#8217;estrenar\u00e0, que dirigir\u00e0 el propi compositor.<\/p>\n<p><img fetchpriority=\"high\" decoding=\"async\" class=\"aligncenter size-large wp-image-9340\" src=\"https:\/\/fsmcv.org\/BTnet-storage\/wp-uploads\/2018\/06\/Programa-del-concierto-1024x698.jpg\" alt=\"\" width=\"1024\" height=\"698\" title=\"\"><\/p>\n<p>Despr\u00e9s de les diverses activitats musicals realitzades aquest curs sense pr\u00e0cticament recursos, l&#8217;Associaci\u00f3 prepara des de fa setmanes l&#8217;engegada de Rubato, la seua escola de m\u00fasica, en la qual s&#8217;ha dipositat molta il\u00b7lusi\u00f3 agrupant joves promeses valencianes en el seu claustre escolar i en la qual s&#8217;oferir\u00e0 una oferta acad\u00e8mica \u00e0mplia, variada i per a tots els p\u00fablics, segons marca el decret corresponent de Conselleria d\u2019Educaci\u00f3.<\/p>\n<p>Despr\u00e9s de presentar-se al p\u00fablic de la localitat el passat 19 de maig, l&#8217;Escola de M\u00fasica Rubato ultima detalls per a la visita del reconegut director nord-americ\u00e0, Evan Feldman (Universitat de Carolina del Nord) el pr\u00f2xim 21 de juliol en la qual oferir\u00e0 una masterclass gratu\u00efta de did\u00e0ctica de la direcci\u00f3 oberta a tot el p\u00fablic interessat, especialment de la comarca del Camp del T\u00faria.<\/p>\n<p>Aix\u00ed mateix, aquesta jove i xicoteta Societat Musical prepara des de fa mesos diversos projectes musicals d&#8217;envergadura com la participaci\u00f3 en l&#8217;enregistrament d&#8217;un CD el pr\u00f2xim mes de desembre i altres actes socials en la localitat.<\/p>\n<p>L&#8217;Associaci\u00f3 Cultural \u201cAmics de la M\u00fasica\u201d de San Antonio de Benag\u00e9ver, conformada per un quinzena de m\u00fasics, va ser fundada al setembre de 2015. Est\u00e0 inscrita en els registres d&#8217;associacions de la Comunitat Valenciana i de l&#8217;Ajuntament de SAB. Pertany a la Federaci\u00f3 de Societats Musicals de la Comunitat Valenciana (FSMCV) des de febrer de 2017.<\/p>\n","protected":false},"excerpt":{"rendered":"<p>Ser\u00e0 el jove compositor valenci\u00e0 Frank Cogollos, autor del pasdoble, qui dirigisca l&#8217;estrena aquest dissabte 16 de juny a les 19:30h en l&#8217;espai social del mercat municipal.<\/p>\n","protected":false},"author":2,"featured_media":0,"comment_status":"closed","ping_status":"closed","sticky":false,"template":"","format":"standard","meta":{"footnotes":""},"categories":[1],"tags":[],"class_list":["post-9337","post","type-post","status-publish","format-standard","hentry","category-certamenes"],"_links":{"self":[{"href":"https:\/\/fsmcv.org\/vl\/wp-json\/wp\/v2\/posts\/9337","targetHints":{"allow":["GET"]}}],"collection":[{"href":"https:\/\/fsmcv.org\/vl\/wp-json\/wp\/v2\/posts"}],"about":[{"href":"https:\/\/fsmcv.org\/vl\/wp-json\/wp\/v2\/types\/post"}],"author":[{"embeddable":true,"href":"https:\/\/fsmcv.org\/vl\/wp-json\/wp\/v2\/users\/2"}],"replies":[{"embeddable":true,"href":"https:\/\/fsmcv.org\/vl\/wp-json\/wp\/v2\/comments?post=9337"}],"version-history":[{"count":0,"href":"https:\/\/fsmcv.org\/vl\/wp-json\/wp\/v2\/posts\/9337\/revisions"}],"wp:attachment":[{"href":"https:\/\/fsmcv.org\/vl\/wp-json\/wp\/v2\/media?parent=9337"}],"wp:term":[{"taxonomy":"category","embeddable":true,"href":"https:\/\/fsmcv.org\/vl\/wp-json\/wp\/v2\/categories?post=9337"},{"taxonomy":"post_tag","embeddable":true,"href":"https:\/\/fsmcv.org\/vl\/wp-json\/wp\/v2\/tags?post=9337"}],"curies":[{"name":"wp","href":"https:\/\/api.w.org\/{rel}","templated":true}]}}