{"id":9382,"date":"2018-06-20T08:55:00","date_gmt":"2018-06-20T06:55:00","guid":{"rendered":"https:\/\/fsmcv.org\/?post_type=fsmcv-noticias&#038;p=9382"},"modified":"2021-09-30T11:38:07","modified_gmt":"2021-09-30T09:38:07","slug":"fernando-campos-valdes-ganador-concurso-composicion-musica-festera-fiestas-cristo-paz","status":"publish","type":"post","link":"https:\/\/fsmcv.org\/vl\/certamens\/fernando-campos-valdes-ganador-concurso-composicion-musica-festera-fiestas-cristo-paz\/","title":{"rendered":"Fernando Campos-Vald\u00e9s, guanyador del I Concurs de Composici\u00f3 de M\u00fasica Festera \u201cFiestas del Cristo de la Paz\u201d"},"content":{"rendered":"<p>El passat dihuit de maig va finalitzar el termini per a rebre les composicions que han optat al premi en el I Concurs de Composici\u00f3 de M\u00fasica Festera \u201cFiestas del Cristo de la Paz\u201d en la categoria de Marxa Processional. Un total de vint-i-quatre composicions in\u00e8dites, i per a\u00e7\u00f2 de nova creaci\u00f3, han tingut l&#8217;oportunitat d&#8217;al\u00e7ar-se amb l&#8217;\u00fanic premi econ\u00f2mic contemplat en les bases de la convocat\u00f2ria dotat amb 3.000\u20ac.<\/p>\n<p>El jurat, reunit el passat huit de juny, i compost pels compositors Andr\u00e9s Valero Castell i Luis Molina Mill\u00e1, el director d&#8217;orquestra \u00c1ngel Lasheras Canales, Jaime Albero Gabriel (alcalde de Sant Joan d&#8217;Alacant, en representaci\u00f3 del consistori) i Jos\u00e9 \u00c1ngel Espin\u00f3s Sanjuan (President de la Societat Musical \u201cLa Paz\u201d) atorguen, per unanimitat, el primer premi, dotat amb 3.000\u20ac a Fernando Campos-Vald\u00e9s per la seua obra <em>Le sette parole<\/em>.<\/p>\n<p>Fernando Campos-Vald\u00e9s (Biar, 1990), realitza estudis de composici\u00f3 en el Conservatori Superior de M\u00fasica \u201c\u00d3scar Espl\u00e1\u201d d&#8217;Alacant de la m\u00e0 de Joan Enric Canet. Destaca, malgrat la seua joventut, en la prov\u00edncia d&#8217;Alacant gr\u00e0cies a la seua important traject\u00f2ria. Aquesta traject\u00f2ria li va valdre el passat any el Primer Premi per la seua obra <em>Santjoaneries<\/em> en el I Concurs de Pasdobles de les Fogueres d&#8217;Alacant.<\/p>\n<p>Donada la qualitat i la competitivitat entre les obres presentades, el jurat acorda atorgar un Esment d&#8217;Honor al compositor V\u00edctor Vall\u00e9s Fornet per la seua obra <em>Santa B\u00e0rbara<\/em>. V\u00edctor Vall\u00e9s Fornet (el Verger, 1984) obt\u00e9 en 2008 el t\u00edtol superior de Composici\u00f3 i Premi Extraordinari Final de Carrera en el Conservatori Superior de M\u00fasica \u201cJoaqu\u00edn Rodrigo\u201d de Val\u00e8ncia, estudiant amb professors com Ram\u00f3n Ramos i Gregorio Jim\u00e9nez, entre uns altres.<\/p>\n<p>En el cas de <em>Le sette parole<\/em> de Campos-Vald\u00e9s, el jurat destaca la seua qualitat mel\u00f2dica, aix\u00ed com la seua solidesa estructural i el seu atractiu harm\u00f2nic. <em>Santa B\u00e0rbara<\/em>, de Vall\u00e9s Fornet, destaca pel seu gest innovador en l&#8217;escriptura.<\/p>\n<p>Ambdues peces seran interpretades per la Societat Musical \u201cLa Paz\u201d en el Concert de Festes, aix\u00ed com en la process\u00f3 de les Festes Majors del Municipi, les quals tindran lloc al setembre, acompanyant al Sant\u00edssim Crist de la Pau.<\/p>\n","protected":false},"excerpt":{"rendered":"<p>Campos-Vald\u00e9s (Biar, 1990) destaca, malgrat la seua joventut, en la prov\u00edncia d&#8217;Alacant gr\u00e0cies a la seua important traject\u00f2ria.<\/p>\n","protected":false},"author":2,"featured_media":0,"comment_status":"closed","ping_status":"closed","sticky":false,"template":"","format":"standard","meta":{"footnotes":""},"categories":[234],"tags":[],"class_list":["post-9382","post","type-post","status-publish","format-standard","hentry","category-certamens"],"_links":{"self":[{"href":"https:\/\/fsmcv.org\/vl\/wp-json\/wp\/v2\/posts\/9382","targetHints":{"allow":["GET"]}}],"collection":[{"href":"https:\/\/fsmcv.org\/vl\/wp-json\/wp\/v2\/posts"}],"about":[{"href":"https:\/\/fsmcv.org\/vl\/wp-json\/wp\/v2\/types\/post"}],"author":[{"embeddable":true,"href":"https:\/\/fsmcv.org\/vl\/wp-json\/wp\/v2\/users\/2"}],"replies":[{"embeddable":true,"href":"https:\/\/fsmcv.org\/vl\/wp-json\/wp\/v2\/comments?post=9382"}],"version-history":[{"count":0,"href":"https:\/\/fsmcv.org\/vl\/wp-json\/wp\/v2\/posts\/9382\/revisions"}],"wp:attachment":[{"href":"https:\/\/fsmcv.org\/vl\/wp-json\/wp\/v2\/media?parent=9382"}],"wp:term":[{"taxonomy":"category","embeddable":true,"href":"https:\/\/fsmcv.org\/vl\/wp-json\/wp\/v2\/categories?post=9382"},{"taxonomy":"post_tag","embeddable":true,"href":"https:\/\/fsmcv.org\/vl\/wp-json\/wp\/v2\/tags?post=9382"}],"curies":[{"name":"wp","href":"https:\/\/api.w.org\/{rel}","templated":true}]}}