{"id":9478,"date":"2018-06-25T14:27:43","date_gmt":"2018-06-25T12:27:43","guid":{"rendered":"https:\/\/fsmcv.org\/?post_type=fsmcv-noticias&#038;p=9478"},"modified":"2021-03-29T14:25:08","modified_gmt":"2021-03-29T12:25:08","slug":"asociacion-3x4-castello-formacion-mantenimiento-reparacion-instrumentos","status":"publish","type":"post","link":"https:\/\/fsmcv.org\/vl\/area-educativa-vl\/asociacion-3x4-castello-formacion-mantenimiento-reparacion-instrumentos\/","title":{"rendered":"L&#8217;Associaci\u00f3 3&#215;4 de Castell\u00f3 ofereix formaci\u00f3 per a manteniment i reparaci\u00f3 d&#8217;instruments"},"content":{"rendered":"<p>L&#8217;Associaci\u00f3 Tres per Quatre de Castell\u00f3, que compta amb Escola de M\u00fasica i \u00e9s Centre Autoritzat de M\u00fasica de Grau Elemental, inclou entre la seua oferta formativa la possibilitat de cursar les assignatures de &#8220;Manteniment i reparaci\u00f3 d&#8217;instruments musicals&#8221;, i en ensenyament superior, &#8220;Fonaments de Mec\u00e0nica&#8221;.<\/p>\n<p>Van ser pioners a l&#8217;hora de sol\u00b7licitar reconeixement o titulaci\u00f3 que avalara la formaci\u00f3 dels reparadores, seguint el cam\u00ed dels ja existents en la resta d&#8217;Europa i altres pa\u00efsos. Les q\u00fcestions burocr\u00e0tiques i altres impediments van fer que fa ja quatre anys donaren el primer pas sense esperar al fet que l&#8217;administraci\u00f3 es pronunciara.<\/p>\n<p>El seu sistema de formaci\u00f3 es basa a compartir el treball i l&#8217;experi\u00e8ncia. Internet no existia quan van comen\u00e7ar la seua marxa, i hui en dia, encara que permet que puguem disposar d&#8217;un munt d&#8217;informaci\u00f3, encara no cobreix el buit fonamental de la pr\u00e0ctica i la destresa manual.<\/p>\n<p>La f\u00f3rmula de l&#8217;Associaci\u00f3 consisteix a oferir la possibilitat sembre oberta de formar-se sense limitaci\u00f3 de termini i horari, adaptant-se als coneixements previs i l&#8217;experi\u00e8ncia, aix\u00ed com a les metes que els alumnes es marquen. \u00c9s per a\u00e7\u00f2 que no realitzen cursets, ni masterclases. Les seues classes compten amb tres alumnes m\u00e0xim per sessi\u00f3 i un preu de 5,44\u20ac\/hora.<\/p>\n<p>Es tracta de la formaci\u00f3 b\u00e0sica, fonamentalment pr\u00e0ctica, que senta les bases s\u00f2lides per a una futura especialitzaci\u00f3.<\/p>\n","protected":false},"excerpt":{"rendered":"<p>La f\u00f3rmula de l&#8217;Associaci\u00f3 consisteix a oferir la possibilitat sembre oberta de formar-se sense limitaci\u00f3 de termini i horari, adaptant-se als coneixements previs i l&#8217;experi\u00e8ncia, aix\u00ed com a les metes que els alumnes es marquen.<\/p>\n","protected":false},"author":2,"featured_media":0,"comment_status":"closed","ping_status":"closed","sticky":false,"template":"","format":"standard","meta":{"footnotes":""},"categories":[161],"tags":[],"class_list":["post-9478","post","type-post","status-publish","format-standard","hentry","category-area-educativa-vl"],"_links":{"self":[{"href":"https:\/\/fsmcv.org\/vl\/wp-json\/wp\/v2\/posts\/9478","targetHints":{"allow":["GET"]}}],"collection":[{"href":"https:\/\/fsmcv.org\/vl\/wp-json\/wp\/v2\/posts"}],"about":[{"href":"https:\/\/fsmcv.org\/vl\/wp-json\/wp\/v2\/types\/post"}],"author":[{"embeddable":true,"href":"https:\/\/fsmcv.org\/vl\/wp-json\/wp\/v2\/users\/2"}],"replies":[{"embeddable":true,"href":"https:\/\/fsmcv.org\/vl\/wp-json\/wp\/v2\/comments?post=9478"}],"version-history":[{"count":0,"href":"https:\/\/fsmcv.org\/vl\/wp-json\/wp\/v2\/posts\/9478\/revisions"}],"wp:attachment":[{"href":"https:\/\/fsmcv.org\/vl\/wp-json\/wp\/v2\/media?parent=9478"}],"wp:term":[{"taxonomy":"category","embeddable":true,"href":"https:\/\/fsmcv.org\/vl\/wp-json\/wp\/v2\/categories?post=9478"},{"taxonomy":"post_tag","embeddable":true,"href":"https:\/\/fsmcv.org\/vl\/wp-json\/wp\/v2\/tags?post=9478"}],"curies":[{"name":"wp","href":"https:\/\/api.w.org\/{rel}","templated":true}]}}