{"id":9560,"date":"2018-06-29T17:03:05","date_gmt":"2018-06-29T15:03:05","guid":{"rendered":"https:\/\/fsmcv.org\/?post_type=fsmcv-noticias&#038;p=9560"},"modified":"2021-03-29T14:15:42","modified_gmt":"2021-03-29T12:15:42","slug":"enfocar-educacion-desde-investigacion-clave-futuro-educacion-musical-artistica","status":"publish","type":"post","link":"https:\/\/fsmcv.org\/vl\/area-educativa-vl\/xarxa-centres-educatius\/enfocar-educacion-desde-investigacion-clave-futuro-educacion-musical-artistica\/","title":{"rendered":"Enfocar l&#8217;educaci\u00f3 des de la investigaci\u00f3, clau per al futur dels ensenyaments musicals i art\u00edstics"},"content":{"rendered":"<p>El futur dels ensenyaments musicals i art\u00edstics requereix plantejar l&#8217;educaci\u00f3 des de la investigaci\u00f3, en un format innovador que conjumine a ambdues per al creixement del professorat i els alumnes. Aquesta \u00e9s una de les principals conclusions del II Seminari Internacional d&#8217;Investigaci\u00f3 en Educaci\u00f3 Musical (SIEM) i el I Congr\u00e9s Internacional de Creativitat en l&#8217;Educaci\u00f3 Art\u00edstica (CICREA) que s&#8217;ha celebrat a Val\u00e8ncia des del 27 al 29 de juny.<\/p>\n<p>En la jornada de hui han participat grans referents de l&#8217;\u00e0mbit musical i educatiu com Mar\u00eda Acaso (Universidad Complutense de Madrid) que ha aprofundit en la import\u00e0ncia de \u201c<em>traure l&#8217;aula i poetizar l&#8217;educaci\u00f3<\/em>\u201d, apostant per un ensenyament que potencie la creativitat en els alumnes i professors.<\/p>\n<p>A m\u00e9s, s&#8217;ha celebrat una taula redona sobre investigaci\u00f3, creaci\u00f3 i aprenentatge en les Escoles de M\u00fasica en la qual han participat Maravillas D\u00edaz (Universidad del Pa\u00eds Vasco), Noemy Berbel (Univesitat de les Illes Balears) i Remigi Morant (Universitat de Val\u00e8ncia i vicepresident de la FSMCV). En la mateixa s&#8217;ha destacat que \u00e9s molt necessari potenciar la relaci\u00f3 entre les Escoles de M\u00fasica de les Societats Musicals i els centres d&#8217;infantil i prim\u00e0ria. I a m\u00e9s, l&#8217;eixir dels models tradicionals educatius que s&#8217;utilitzen en els conservatoris per a optar per un model basat en la pr\u00e0ctica amateur que permeta la professionalitzaci\u00f3.<\/p>\n<p>SIEM-CICREA ha sigut clausurat amb la intervenci\u00f3 de Pasqual Pastor Gordero que ha realitzat una an\u00e0lisi de les tres jornades de treball i ha reflexionat sobre el futur de l&#8217;educaci\u00f3 musical en el qual ha insistit que ha d&#8217;orientar-se des de la investigaci\u00f3-acci\u00f3 per a impulsar el desenvolupament art\u00edstic i educatiu en les aules i Escoles de M\u00fasica. A m\u00e9s, ha anunciat que en 2020 se celebrar\u00e0 la pr\u00f2xima edici\u00f3 de SIEM-CICREA en la Universitat del Pa\u00eds Basc.<\/p>\n<blockquote>\n<p style=\"text-align: right;\">\u201c<em>Estem molt satisfets amb el resultat i acolliment d&#8217;aquest Seminari-Congr\u00e9s perqu\u00e8 ens ha perm\u00e8s con\u00e8ixer de m\u00e0 dels principals referents en la investigaci\u00f3 de l&#8217;\u00e0mbit educatiu, musical i art\u00edstic l\u00ednies clau d&#8217;aplicaci\u00f3 pr\u00e0ctica per a potenciar la creativitat i el creixement dels alumnes<\/em>\u201d, ha declarat Remigi Morant, codirector de SIEM-CICREA Val\u00e8ncia 2018 i vicepresident de la FSMCV.<\/p>\n<\/blockquote>\n<p><em>\u201cEstem molt agra\u00efts a tot l&#8217;equip que ha perm\u00e8s engegar aquest Seminari-Congr\u00e9s, des de producci\u00f3 fins a t\u00e8cnics, perqu\u00e8 no \u00e9s f\u00e0cil engegar una trobada d&#8217;aquesta magnitud i ells ho han aconseguit. \u00c9s molt destacable, a m\u00e9s, la gran implicaci\u00f3 de tots els assistents que ha anat m\u00e9s enll\u00e0 dels espais de les aules, creant un gran ambient de col\u00b7laboraci\u00f3. L&#8217;educaci\u00f3 ha de travessar els murs merament formals i \u00e9s el que hem viscut ac\u00ed<\/em>\u201d, ha afirmat Adolf Murillo, codirector de SIEM-CICREA Val\u00e8ncia 2018.<\/p>\n<p>Durant els tres dies de celebraci\u00f3 d&#8217;aquest Seminari-Congr\u00e9s, han participat m\u00e9s de 200 experts de l&#8217;\u00e0mbit de la investigaci\u00f3 i innovaci\u00f3 en l&#8217;educaci\u00f3 musical i art\u00edstica, provinents de 8 pa\u00efsos.<\/p>\n<p>SIEM-CICREA Val\u00e8ncia 2018 ha sigut organitzat per la Federaci\u00f3 de Societats Musicals de la Comunitat Valenciana (FSMCV), la Conselleria d&#8217;Educaci\u00f3, Investigaci\u00f3, Cultura i Esport, l&#8217;Ajuntament de Val\u00e8ncia i la Universitat de Val\u00e8ncia. A m\u00e9s, compta amb la col\u00b7laboraci\u00f3 de Berklee College of Music Val\u00e8ncia, la Fundaci\u00f3n Daniel &amp; Nina Carasso i la Universitat Polit\u00e8cnica de Val\u00e8ncia.<\/p>\n<hr \/>\n<p>Fotografia: \u00c1lex Garz\u00f3<\/p>\n","protected":false},"excerpt":{"rendered":"<p>Aquesta \u00e9s una de la principals conclusions del Congr\u00e9s SIEM-CICREA que durant tres dies ha comptat amb la participaci\u00f3 de m\u00e9s de 200 experts d&#8217;\u00e0mbit internacional per a aprofundir en la recerca i educaci\u00f3 en l&#8217;\u00e0mbit art\u00edstic i musical.<\/p>\n","protected":false},"author":2,"featured_media":0,"comment_status":"closed","ping_status":"closed","sticky":false,"template":"","format":"standard","meta":{"footnotes":""},"categories":[164],"tags":[],"class_list":["post-9560","post","type-post","status-publish","format-standard","hentry","category-xarxa-centres-educatius"],"_links":{"self":[{"href":"https:\/\/fsmcv.org\/vl\/wp-json\/wp\/v2\/posts\/9560","targetHints":{"allow":["GET"]}}],"collection":[{"href":"https:\/\/fsmcv.org\/vl\/wp-json\/wp\/v2\/posts"}],"about":[{"href":"https:\/\/fsmcv.org\/vl\/wp-json\/wp\/v2\/types\/post"}],"author":[{"embeddable":true,"href":"https:\/\/fsmcv.org\/vl\/wp-json\/wp\/v2\/users\/2"}],"replies":[{"embeddable":true,"href":"https:\/\/fsmcv.org\/vl\/wp-json\/wp\/v2\/comments?post=9560"}],"version-history":[{"count":0,"href":"https:\/\/fsmcv.org\/vl\/wp-json\/wp\/v2\/posts\/9560\/revisions"}],"wp:attachment":[{"href":"https:\/\/fsmcv.org\/vl\/wp-json\/wp\/v2\/media?parent=9560"}],"wp:term":[{"taxonomy":"category","embeddable":true,"href":"https:\/\/fsmcv.org\/vl\/wp-json\/wp\/v2\/categories?post=9560"},{"taxonomy":"post_tag","embeddable":true,"href":"https:\/\/fsmcv.org\/vl\/wp-json\/wp\/v2\/tags?post=9560"}],"curies":[{"name":"wp","href":"https:\/\/api.w.org\/{rel}","templated":true}]}}