{"id":9577,"date":"2018-07-02T13:39:29","date_gmt":"2018-07-02T11:39:29","guid":{"rendered":"https:\/\/fsmcv.org\/?post_type=fsmcv-noticias&#038;p=9577"},"modified":"2021-09-30T11:36:16","modified_gmt":"2021-09-30T09:36:16","slug":"valencia-international-performance-academy-2018","status":"publish","type":"post","link":"https:\/\/fsmcv.org\/vl\/certamens\/valencia-international-performance-academy-2018\/","title":{"rendered":"Un centenar de pianistes i compositors de quatre continents assisteixen des de hui a Val\u00e8ncia a una nova edici\u00f3 de la VIPA"},"content":{"rendered":"<p>Des de hui dilluns 2 de juliol Val\u00e8ncia acull la VIPA (Val\u00e8ncia International Performance Academy), l&#8217;\u00fanic curs-festival internacional de m\u00fasica que se celebra en la ciutat i al que assisteixen un centenar de m\u00fasics procedents de catorze pa\u00efsos de quatre continents, rigorosament seleccionats d&#8217;entre m\u00e9s de cent cinquanta sol\u00b7licituds. Aix\u00ed mateix, el festival portar\u00e0 a Val\u00e8ncia dotze dels professors de piano i composici\u00f3 m\u00e9s prestigiosos del panorama internacional.<\/p>\n<p>A m\u00e9s, VIPA 2018 Composition compta amb dos grups residents: Mivos Quartet (New York, USA), que oferir\u00e0 dos concerts durant el festival i el B3:Brouwer Trio (Val\u00e8ncia, Espanya). Juntament amb ells col\u00b7laboren el multifac\u00e8tic percussionista i investigador Philippe Spiesser (responsable de percussi\u00f3 de la Haute \u00c9cole de Musique de G\u00e8nova) i la violinista Mieko Kanno (nomenada recentment responsable d&#8217;Estudis Doctorals de la Sibelius Academy de Finl\u00e0ndia), a m\u00e9s de la pianista Anna d\u2019Errico i el percussionista local Juanjo Llopico.<\/p>\n<p>En la seua vuitena edici\u00f3, la Val\u00e8ncia Internacional Performance Academy (VIPA) tindr\u00e0 lloc en el Conservatori Municipal Jos\u00e9 Iturbi i en el Conservatori Superior Joaqu\u00edn Rodrigo. Tots dos centres acullen, respectivament, els dos programes en els quals s&#8217;estructura la VIPA: el Programa de Piano (del 2 al 6 de juliol) i el Programa de Composici\u00f3 (del 10 al 20 de juliol). Els concerts del VIPA Concert Festival es repartiran entre el Centre del Carme i els auditoris de tots dos conservatoris.<\/p>\n<h3>Activitats obertes al p\u00fablic<\/h3>\n<p>La VIPA 2018 s&#8217;inaugurar\u00e0 hui dilluns 2 de juliol en el Conservatori Municipal Jos\u00e9 Iturbi de Val\u00e8ncia amb l&#8217;inici del programa de piano. Una setmana despr\u00e9s, del 10 al 20 es desenvolupar\u00e0 el programa de composici\u00f3 en el Conservatori Superior Joaqu\u00edn Rodrigo.<\/p>\n<p>Els concerts del VIPA Concert Festival s\u00f3n gratu\u00efts i oberts al p\u00fablic.<\/p>\n<p>Dins del programa de piano es realitzaran quatre concerts en el Centre del Carme Cultura Contempor\u00e0nia els dies 2, 3, 4 i 5 de juliol a les 22 hores i un el divendres 6 a les 19 hores en el Conservatori Jos\u00e9 Iturbi.<\/p>\n<p>En el marc del programa de composici\u00f3, els concerts es realitzaran els dies 12, 13, 14, 16, 18 i 20 a les 19 hores en l&#8217;Auditori del Conservatori Superior de M\u00fasica.<\/p>\n<h3>Car\u00e0cter internacional<\/h3>\n<p>Sota la direcci\u00f3 art\u00edstica del pianista, director i compositor Carlos Amat, es tracta d&#8217;una trobada de marcat car\u00e0cter internacional que s&#8217;ha anat consolidant edici\u00f3 despr\u00e9s d&#8217;edici\u00f3, convertint-se en un punt de refer\u00e8ncia per a estudiants de m\u00fasica de tot el m\u00f3n que acudeixen cada any a Val\u00e8ncia per a rebre classes d&#8217;un professorat tamb\u00e9 internacional i treballar amb int\u00e8rprets de gran nivell. En aquest sentit, la VIPA aspira a seguir creixent a trav\u00e9s de la convocat\u00f2ria de noves especialitats instrumentals, tenint com model festivals de prestigi internacional com el Aspen Music Festival School o el Tanglewood Music Center.<\/p>\n<p>En aquesta l\u00ednia, Amat considera imprescindible guanyar visibilitat i treballar per a \u201c<em>aprofitar la condici\u00f3 de Val\u00e8ncia com a ciutat moderna, tur\u00edstica i d&#8217;empla\u00e7ament privilegiat, alhora que aglutinant d&#8217;una enorme vocaci\u00f3 musical hist\u00f2rica<\/em>.\u201d Segons Amat, \u201c<em>el fet nom\u00e9s d&#8217;atraure a la nostra ciutat el gran nombre de talents que v\u00e9nen cada any ja \u00e9s de per si mateix una estupenda contribuci\u00f3 a la ciutat, que es materialitza en l&#8217;interessant\u00edssim programa de concerts (m\u00e9s de deu) que s&#8217;ofereix en diferents espais, com el Centre del Carme i els auditoris dels Conservatoris implicats.<\/em>\u201d No obstant a\u00e7\u00f2, el director art\u00edstic insisteix que l&#8217;aspiraci\u00f3 de la VIPA est\u00e0 en la consolidaci\u00f3 d&#8217;un macro festival-curs d&#8217;estiu que es convertisca en una activitat reconeguda mundialment i que puga atraure a p\u00fablics de tot el m\u00f3n, de la mateixa manera que succeeix en els festivals esmentats anteriorment. A aquests efectes, Amat indica que ja la VIPA suposa una aportaci\u00f3 en despesa tur\u00edstica d&#8217;uns 125.000\u20ac per a la ciutat de Val\u00e8ncia, encara que a\u00e7\u00f2 no \u00e9s gens comparat amb el capital que suposaria si es compliren els objectius plantejats. I tot a\u00e7\u00f2 al voltant d&#8217;una oferta cultural de nivell superior, com afirmen ja els centenars de participants que han passat pel festival en els seus vuit anys d&#8217;exist\u00e8ncia.<\/p>\n<p>La VIPA compta amb el suport de l&#8217;Institut Valenci\u00e0 de Cultura, el Consorci de Museus de la CV, el Conservatori Superior Joaqu\u00edn Rodrigo, el Conservatori Professional Jos\u00e9 Iturbi i la col\u00b7laboraci\u00f3 habitual de Pianos Clement. Quant als suports internacionals, VIPA rep la col\u00b7laboraci\u00f3 del Ithaca College de NY i de la University of South Calif\u00f2rnia, Sant Diego.<\/p>\n<p><strong>Professors del curs de piano:<\/strong><\/p>\n<p>&#8211; Juan Lago, Director del Programa de Piano (Conservatori \u201cJos\u00e9 Iturbi\u201d de Val\u00e8ncia)<br \/>\n&#8211; Pavel Nersessian (Conservatori Tchaikovsky de Moscou \/ Boston University)<br \/>\n&#8211; Alexander Kobrin (Eastman School of Music, Rochester, NY)<br \/>\n&#8211; Pascal Nemirovski (Royal Birmingham Conservatoire, UK)<br \/>\n&#8211; Jos\u00e9 Ram\u00f3n M\u00e9ndez (Penn State University, EUA)<br \/>\n&#8211; Jura Margulis (University of the City of Vienna, \u00c0ustria)<br \/>\n&#8211; Yuanxizi Li (Central Conservatory of Music of Gulangyu, Xina)<br \/>\n&#8211; Michael Bulychev-Okser (Concertista Internacional, Est\u00f2nia)<br \/>\n&#8211; Daniel Abalos (Conservatori Professional de M\u00e0laga)<\/p>\n<p>Tots els estudiants reben cinc lli\u00e7ons individuals, i participen en altres activitats del curs: workshops, master classes, presentacions, concerts, etc. A m\u00e9s els alumnes ofereixen al llarg de la setmana concerts en els quals interpreten el repertori que han estat treballant durant el curs.<\/p>\n<p><strong>Professors del curs de composici\u00f3:<\/strong><\/p>\n<p>&#8211; Jorge Villavicencio Grossmann (Ithaca College, NY)<br \/>\n&#8211; Stefano Gervasoni (Conservatori de M\u00fasica de Par\u00eds)<br \/>\n&#8211; Lei Liang (Universitat de Calif\u00f2rnia, Sant Diego)<br \/>\n&#8211; Gregorio Jim\u00e9nez (Conservatori Superior de M\u00fasica de Val\u00e8ncia)<\/p>\n<p>Els alumnes porten al curs composicions que la direcci\u00f3 del programa els ha encarregat pr\u00e8viament i que tenen l&#8217;oportunitat d&#8217;assajar i estrenar amb els millors int\u00e8rprets de m\u00fasica contempor\u00e0nia del panorama actual. En aquest sentit, el VIPA 2018 compta amb dos grups residents:<\/p>\n<p>&#8211; Mivos Quartet (New York, USA), que oferir\u00e0 dos concerts durant el festival i el B3:Brouwer Trio (Val\u00e8ncia, Espanya)<br \/>\n&#8211; Philippe Spiesser, percussi\u00f3 (Haute \u00c9cole de Musique de Ginebra)<br \/>\n&#8211; Mieko Kanno (responsable d&#8217;Estudis Doctorals de la Sibelius Academy de Finl\u00e0ndia)<br \/>\n&#8211; Anna d\u2019Errico, piano (Directora art\u00edstica del Ensemble Interface)<br \/>\n&#8211; Juanjo Llopico, percussi\u00f3 (membre del Ensemble d\u2019Arts)<\/p>\n<p>Un valor afegit a aquest curs de composici\u00f3 de m\u00fasica contempor\u00e0nia \u00e9s que tots els concerts es graven en directe i cada participant rep un enregistrament al final del festival.<\/p>\n<p>Es pot consultar el programa complet en: <a href=\"http:\/\/www.vipafestival.org\/festival\/\" target=\"_blank\" rel=\"noopener noreferrer\">http:\/\/www.vipafestival.org\/festival\/<\/a><\/p>\n","protected":false},"excerpt":{"rendered":"<p>La Val\u00e8ncia International Performance Academy es desenvolupar\u00e0 en el Conservatori Jos\u00e9 Iturbi i el Conservatori Superior Joaqu\u00edn Rodrigo. La vuitena edici\u00f3 de la VIPA s&#8217;estructura en dos programes: piano (del 2 al 6 de juliol) i composici\u00f3 (del 10 al 20 de juliol).<\/p>\n","protected":false},"author":2,"featured_media":0,"comment_status":"closed","ping_status":"closed","sticky":false,"template":"","format":"standard","meta":{"footnotes":""},"categories":[234],"tags":[],"class_list":["post-9577","post","type-post","status-publish","format-standard","hentry","category-certamens"],"_links":{"self":[{"href":"https:\/\/fsmcv.org\/vl\/wp-json\/wp\/v2\/posts\/9577","targetHints":{"allow":["GET"]}}],"collection":[{"href":"https:\/\/fsmcv.org\/vl\/wp-json\/wp\/v2\/posts"}],"about":[{"href":"https:\/\/fsmcv.org\/vl\/wp-json\/wp\/v2\/types\/post"}],"author":[{"embeddable":true,"href":"https:\/\/fsmcv.org\/vl\/wp-json\/wp\/v2\/users\/2"}],"replies":[{"embeddable":true,"href":"https:\/\/fsmcv.org\/vl\/wp-json\/wp\/v2\/comments?post=9577"}],"version-history":[{"count":0,"href":"https:\/\/fsmcv.org\/vl\/wp-json\/wp\/v2\/posts\/9577\/revisions"}],"wp:attachment":[{"href":"https:\/\/fsmcv.org\/vl\/wp-json\/wp\/v2\/media?parent=9577"}],"wp:term":[{"taxonomy":"category","embeddable":true,"href":"https:\/\/fsmcv.org\/vl\/wp-json\/wp\/v2\/categories?post=9577"},{"taxonomy":"post_tag","embeddable":true,"href":"https:\/\/fsmcv.org\/vl\/wp-json\/wp\/v2\/tags?post=9577"}],"curies":[{"name":"wp","href":"https:\/\/api.w.org\/{rel}","templated":true}]}}