{"id":9698,"date":"2018-07-11T12:18:41","date_gmt":"2018-07-11T10:18:41","guid":{"rendered":"https:\/\/fsmcv.org\/?post_type=fsmcv-noticias&#038;p=9698"},"modified":"2021-09-30T11:20:28","modified_gmt":"2021-09-30T09:20:28","slug":"inscripcion-abierta-iii-encuentros-direccion-orquestal-concurso-direccion-banda-municipal-bilbao","status":"publish","type":"post","link":"https:\/\/fsmcv.org\/vl\/certamens\/inscripcion-abierta-iii-encuentros-direccion-orquestal-concurso-direccion-banda-municipal-bilbao\/","title":{"rendered":"Inscripci\u00f3 oberta per a les III Trobades de Direcci\u00f3 Orquestral i el Concurs de Direcci\u00f3 organitzats per la Banda Municipal de Bilbao"},"content":{"rendered":"<p>L&#8217;objectiu principal d&#8217;aquestes trobades \u00e9s fomentar l&#8217;estudi de la direcci\u00f3 orquestral en formacions contempor\u00e0nies, a m\u00e9s d&#8217;oferir recursos t\u00e8cnics i art\u00edstics per al desenvolupament de la conducci\u00f3 de grups instrumentals. Es compta amb la col\u00b7laboraci\u00f3 com a banda de pr\u00e0ctiques de la Banda municipal de m\u00fasica de Bilbao, la qual ofereix la possibilitat a les persones participants, de participar en un concurs per a designar un director convidat que treballaria amb la formaci\u00f3 en la Temporada de Concerts 2018-2019. Seran els propis professors de la Banda Municipal els qui actuen com a jurat per als cinc finalistes que dirigiran un concert de clausura. En ell, un jurat professional format per tres persones seleccionar\u00e0 al guanyador del concurs. Aix\u00ed mateix, el curs est\u00e0 obert a totes aquelles persones interessades en l&#8217;estudi de la direcci\u00f3 sense l&#8217;obligaci\u00f3 de participar en el concurs.<\/p>\n<p>En les edicions anteriors hem comptat amb el mestre holand\u00e9s Johan de Meij i el mestre belga Jan van der Roost. En aquesta ocasi\u00f3, ser\u00e0 el mestre su\u00eds Franco Cesarini qui ens visite com a professor convidat.<\/p>\n<p>Les Trobades tindran lloc a Bilbao del 8 a l&#8217;11 de gener de 2019.<\/p>\n<h3>Continguts del curs<\/h3>\n<p>&#8211; La figura de la direcci\u00f3 d&#8217;orquestra contempor\u00e0nia.<br \/>\n&#8211; T\u00e8cnica quiron\u00f2mica. La comunicaci\u00f3 a trav\u00e9s del gest.<br \/>\n&#8211; L&#8217;an\u00e0lisi de partitures en l&#8217;elaboraci\u00f3 d&#8217;un criteri interpretatiu.<br \/>\n&#8211; La organologia i instrumentaci\u00f3 band\u00edstica.<br \/>\n&#8211; Did\u00e0ctica en la direcci\u00f3: des de l&#8217;assaig a la programaci\u00f3 d&#8217;un projecte band\u00edstic.<\/p>\n<h3>Programa<\/h3>\n<p>&#8211; <em>The haunter of the dark<\/em>, F. Cesarini (Ed. Hal Leonard)<br \/>\n&#8211; <em>Bulgarian Danses II<\/em>, F. Cesarini (Ed. Hal Leonard)<br \/>\n&#8211; <em>Elsa&#8217;s procession to the cathedral<\/em>, R. Wagner (arr. F. Cesarini) (Ed. Hal Leonard)<br \/>\n&#8211; <em>Passion et tendresse<\/em>, R. Goorhuis (Ed. HAFABRA)<br \/>\n&#8211; <em>Evocazioni<\/em>, P. Huber (Ed. Molenaar)<\/p>\n<h3>Matr\u00edcules<\/h3>\n<p>&#8211; S&#8217;acceptaran un m\u00e0xim de 10 persones com a alumnat actiu (amb dret a classes pr\u00e0ctiques), sent limitat el nombre d&#8217;o\u00efdors a la pr\u00f2pia capacitat de la sala.<br \/>\n&#8211; L&#8217;alumnat inscrit com a actiu haur\u00e0 d&#8217;enviar un enregistrament en video o una refer\u00e8ncia en internet per a la seua consideraci\u00f3 en el proc\u00e9s selectiu.<br \/>\n&#8211; El professorat de la Banda municipal de Bilbao podr\u00e0 assistir gratu\u00eftament a les classes te\u00f2riques pr\u00e8via inscripci\u00f3.<\/p>\n<h3>Concurs de Direcci\u00f3<\/h3>\n<p>Emmarcat en les III Trobades de Direcci\u00f3 Musical es convoca un Concurs de Direcci\u00f3 destinat a l&#8217;alumnat actiu del curs atenent a les seg\u00fcents bases:<\/p>\n<p>1. Les deu persones seleccionades en la modalitat d&#8217;actiu podran participar en el concurs, per\u00f2 no estan obligats a a\u00e7\u00f2. Per tant, hauran de comunicar a l&#8217;organitzaci\u00f3 la seua decisi\u00f3 en cas de no voler concursar en el mateix.<br \/>\n2. El guanyador del concurs obtindr\u00e0 com a premi ser director convidat en un dels concerts a programar en l&#8217;Atri d&#8217;Azkuna Zentroa per la Banda Municipal de Bilbao dins la Temporada 2019-2020. Per la direcci\u00f3 d&#8217;aquest concert, al candidat o candidata \u00fanicament se li abonaran les despeses d&#8217;allotjament i despla\u00e7ament, sense estar subjecte a m\u00e9s remuneraci\u00f3 econ\u00f2mica.<br \/>\n3. En les tres primeres sessions del curs-concurse(dimarts i dimecres) amb la Banda Municipal de Bilbao, cada candidatura tindr\u00e0 un temps de classe d&#8217;uns 12 minuts aproximadament. Conclosa la tercera sessi\u00f3 de classes pr\u00e0ctiques, els m\u00fasics de la Banda Municipal de Bilbao seleccionaran un m\u00e0xim de cinc candidatures per a l&#8217;assaig general i el concert del divendres. El repertori a dirigir per cada alumne\/candidat durant les sessions de classe se sortejar\u00e0 abans de cada assaig. En cas que durant el sorteig es repetira l&#8217;assignaci\u00f3 de repertori, es tornaria a sortejar el mateix.<br \/>\n4. En el concert del dia 11 de gener a celebrar en l&#8217;Auditori del Conservatori JC d&#8217;Arriaga de Bilbao dirigiran les cinc persones seleccionades pel professorat de la Banda Municipal de Bilbao. Entre elles, un jurat format pel professor convidat del curs (Mtre. Cesarini) i dos m\u00fasics professionals triats per a l&#8217;ocasi\u00f3, seleccionar\u00e0 al guanyador del concurs.<\/p>\n<h3>Inscripcions al concurs<\/h3>\n<p>&#8211; Es remetran per correu electr\u00f2nic, abans del 31 d&#8217;octubre, a Bilbao Musika (<a href=\"mailto:amaiabilbao@bilbaomusika.eus\" target=\"_blank\" rel=\"noopener noreferrer\">amaiabilbao@bilbaomusika.eus<\/a>) juntament amb el resguard de l&#8217;abonament de la inscripci\u00f3.<br \/>\n&#8211; La selecci\u00f3 de l&#8217;alumnat actiu es far\u00e0 tenint en compte l&#8217;ordre d&#8217;inscripci\u00f3 i el Curr\u00edculum vitae.<br \/>\n&#8211; Les persones seleccionades seran informades per correu electr\u00f2nic a partir del 19 de novembre de 2018.<\/p>\n<h3>Documentaci\u00f3<\/h3>\n<p><a href=\"https:\/\/fsmcv.org\/BTnet-storage\/wp-uploads\/2018\/07\/III-Encuentros-de-direccion-orquestal.pdf\" target=\"_blank\" rel=\"noopener noreferrer\">Descarrega les bases completes de les Trobades i el Concurs. [PDF]<\/a><\/p>\n","protected":false},"excerpt":{"rendered":"<p>Les Trobades tindran lloc a Bilbao del 8 a l&#8217;11 de gener de 2019.<br \/>\nInscripcions al concurs obertes fins al 31 d&#8217;octubre de 2018.<\/p>\n","protected":false},"author":2,"featured_media":0,"comment_status":"closed","ping_status":"closed","sticky":false,"template":"","format":"standard","meta":{"footnotes":""},"categories":[234],"tags":[],"class_list":["post-9698","post","type-post","status-publish","format-standard","hentry","category-certamens"],"_links":{"self":[{"href":"https:\/\/fsmcv.org\/vl\/wp-json\/wp\/v2\/posts\/9698","targetHints":{"allow":["GET"]}}],"collection":[{"href":"https:\/\/fsmcv.org\/vl\/wp-json\/wp\/v2\/posts"}],"about":[{"href":"https:\/\/fsmcv.org\/vl\/wp-json\/wp\/v2\/types\/post"}],"author":[{"embeddable":true,"href":"https:\/\/fsmcv.org\/vl\/wp-json\/wp\/v2\/users\/2"}],"replies":[{"embeddable":true,"href":"https:\/\/fsmcv.org\/vl\/wp-json\/wp\/v2\/comments?post=9698"}],"version-history":[{"count":0,"href":"https:\/\/fsmcv.org\/vl\/wp-json\/wp\/v2\/posts\/9698\/revisions"}],"wp:attachment":[{"href":"https:\/\/fsmcv.org\/vl\/wp-json\/wp\/v2\/media?parent=9698"}],"wp:term":[{"taxonomy":"category","embeddable":true,"href":"https:\/\/fsmcv.org\/vl\/wp-json\/wp\/v2\/categories?post=9698"},{"taxonomy":"post_tag","embeddable":true,"href":"https:\/\/fsmcv.org\/vl\/wp-json\/wp\/v2\/tags?post=9698"}],"curies":[{"name":"wp","href":"https:\/\/api.w.org\/{rel}","templated":true}]}}