{"id":9800,"date":"2018-07-18T13:32:59","date_gmt":"2018-07-18T11:32:59","guid":{"rendered":"https:\/\/fsmcv.org\/?post_type=fsmcv-noticias&#038;p=9800"},"modified":"2020-09-27T18:17:27","modified_gmt":"2020-09-27T18:17:27","slug":"ildefonso-martos-carretero-dirigira-banda-giovanile-delle-marche","status":"publish","type":"post","link":"https:\/\/fsmcv.org\/vl\/certamens\/ildefonso-martos-carretero-dirigira-banda-giovanile-delle-marche\/","title":{"rendered":"El director valenci\u00e0 Ildefonso Martos Carretero dirigir\u00e0 la \u201cBanda Giovanile delle Marche\u201d (It\u00e0lia)"},"content":{"rendered":"<p>Ildefonso Martos Carretero, director titular de la banda simf\u00f2nica de l&#8217;Agrupaci\u00f3 Musical de Massarrojos, dirigir\u00e0 la BGM en qualitat de director convidat en dos concerts, un el 28 en Serralta (San Severio Marche) i el segon participant en la XXIV edici\u00f3 del Festival Internacional \u201cM\u00fasica in Festa, Citt\u00e0 di Staffolo\u201d, que tindr\u00e0 lloc entre el 27 i 29 de juliol de 2018.<\/p>\n<p>La BGM est\u00e0 composta per una selecci\u00f3 de m\u00fasics de diferents ciutats, com Pesaro, Urbino, Ancona, Fermo, Macerata i Ascoli Piceno.<\/p>\n<p>L&#8217;\u00f2rgan directiu i art\u00edstic de la BGM ha decidit aquest any comptar amb la pres\u00e8ncia de l&#8217;experimentat director valenci\u00e0 perqu\u00e8 treballe amb la BMG abordant un repertori que requereix un gran desafiament, ja que abasta diferents estils de molt diversos compositors com Hugo Chinesta, Steven Reineke, J. P\u00e9rez Vilaplana i Josep Ros Garcia, entre uns altres.<\/p>\n<p>Ildefonso Martos Carretero ha estat al capdavant de diverses bandes i orquestres simf\u00f2niques de la Comunitat Valenciana, destacant el seu pas per:<\/p>\n<p>&#8211; Banda Simf\u00f2nica de l&#8217;Agrupaci\u00f3 Musical Alfara del Patriarca amb la qual va obtenir el Primer Premi i esment d&#8217;Honor en el XXIX Certamen de la Diputaci\u00f3 de Val\u00e8ncia.<br \/>\n&#8211; Banda Simf\u00f2nica de la Uni\u00f3 Musical Santa Mar\u00eda del Puig amb la qual va obtenir el Primer Premi en el II Certamen de Benissan\u00f3.<br \/>\n&#8211; Banda Simf\u00f2nica del CIM de Benimaclet, amb la qual recentment se li ha atorgat el Primer Premi en la Primera Secci\u00f3 en el XL Certamen de la Diputaci\u00f3 de Val\u00e8ncia.<\/p>\n","protected":false},"excerpt":{"rendered":"<p>Dirigir\u00e0 la BGM en qualitat de director convidat en dos concerts, un el 28 de juliol en Serralta (San Severio Marche) i el segon participant en la XXIV edici\u00f3 del Festival Internacional \u201cM\u00fasica in Festa, Citt\u00e0 di Staffolo\u201d, que tindr\u00e0 lloc entre el 27 i 29 de juliol de 2018.<\/p>\n","protected":false},"author":2,"featured_media":0,"comment_status":"closed","ping_status":"closed","sticky":false,"template":"","format":"standard","meta":{"footnotes":""},"categories":[1],"tags":[],"class_list":["post-9800","post","type-post","status-publish","format-standard","hentry","category-certamenes"],"_links":{"self":[{"href":"https:\/\/fsmcv.org\/vl\/wp-json\/wp\/v2\/posts\/9800","targetHints":{"allow":["GET"]}}],"collection":[{"href":"https:\/\/fsmcv.org\/vl\/wp-json\/wp\/v2\/posts"}],"about":[{"href":"https:\/\/fsmcv.org\/vl\/wp-json\/wp\/v2\/types\/post"}],"author":[{"embeddable":true,"href":"https:\/\/fsmcv.org\/vl\/wp-json\/wp\/v2\/users\/2"}],"replies":[{"embeddable":true,"href":"https:\/\/fsmcv.org\/vl\/wp-json\/wp\/v2\/comments?post=9800"}],"version-history":[{"count":0,"href":"https:\/\/fsmcv.org\/vl\/wp-json\/wp\/v2\/posts\/9800\/revisions"}],"wp:attachment":[{"href":"https:\/\/fsmcv.org\/vl\/wp-json\/wp\/v2\/media?parent=9800"}],"wp:term":[{"taxonomy":"category","embeddable":true,"href":"https:\/\/fsmcv.org\/vl\/wp-json\/wp\/v2\/categories?post=9800"},{"taxonomy":"post_tag","embeddable":true,"href":"https:\/\/fsmcv.org\/vl\/wp-json\/wp\/v2\/tags?post=9800"}],"curies":[{"name":"wp","href":"https:\/\/api.w.org\/{rel}","templated":true}]}}