{"id":9881,"date":"2018-07-24T12:16:16","date_gmt":"2018-07-24T10:16:16","guid":{"rendered":"https:\/\/fsmcv.org\/?post_type=fsmcv-noticias&#038;p=9881"},"modified":"2020-09-27T18:20:28","modified_gmt":"2020-09-27T18:20:28","slug":"fsmcv-lanza-musica-i-poble-nuevo-servicio-publicacion-difusion-actividades-sociedades-musicales","status":"publish","type":"post","link":"https:\/\/fsmcv.org\/vl\/certamens\/fsmcv-lanza-musica-i-poble-nuevo-servicio-publicacion-difusion-actividades-sociedades-musicales\/","title":{"rendered":"FSMCV llan\u00e7a &#8220;M\u00fasica i Poble&#8221;: un nou servei per a la publicaci\u00f3 i difusi\u00f3 d&#8217;activitats de les Societats Musicals"},"content":{"rendered":"<p>M\u00fasica i Poble (<a href=\"https:\/\/musicaipoble.fsmcv.org\/\">https:\/\/musicaipoble.fsmcv.org\/<\/a>) \u00e9s l&#8217;agenda digital de les Societats Musicals. Des d&#8217;aquest lloc web, les Societats Musicals poden crear i difondre de manera senzilla i gratu\u00efta les seues activitats: concerts, activitats, cert\u00e0mens, cursos, etc.<\/p>\n<p>La seua utilitzaci\u00f3 \u00e9s molt senzilla. Simplement has de sol\u00b7licitar l&#8217;alta de la teua Societat Musical en la plataforma des de l&#8217;apartat d&#8217; <a href=\"https:\/\/musicaipoble.fsmcv.org\/es\/organizadores\">&#8220;Organitzadors<\/a>&#8221; i una vegada validat ja podr\u00e0s comen\u00e7ar a publicar les activitats de la teua Societat Musical.<\/p>\n<h3>Com funciona?<\/h3>\n<p><iframe src=\"https:\/\/www.youtube.com\/embed\/BCcB4SJRdAQ?rel=0\" width=\"560\" height=\"315\" frameborder=\"0\" allowfullscreen=\"allowfullscreen\"><\/iframe><\/p>\n<h3>Qu\u00e8 t&#8217;ofereix M\u00fasica i Poble?<\/h3>\n<p>&#8211; Publicaci\u00f3 dels concerts, cert\u00e0mens, cursos, exposicions, jornades en els quals participe la teua Societat Musical.<br \/>\n&#8211; Difusi\u00f3 de les activitats publicades en la pr\u00f2pia web de M\u00fasica i Poble i en les Xarxes Socials de la FSMCV.<br \/>\n&#8211; Venda d&#8217;entrades enlla\u00e7ant a aplicacions externes. Com a servei addicional l&#8217;eina integra la gesti\u00f3 i venda d&#8217;entrades i gesti\u00f3 de l&#8217;aforament.<br \/>\n&#8211; Un editor d&#8217;esdeveniments amigable que et facilita la publicaci\u00f3 de les activitats incloent imatge i v\u00eddeo en pocs minuts i sense coneixements de programaci\u00f3.<\/p>\n","protected":false},"excerpt":{"rendered":"<p>Publicaci\u00f3 d&#8217;esdeveniments, difusi\u00f3, venda d&#8217;entrades, f\u00e0cil maneig&#8230; Descobreix M\u00fasica i poble, l&#8217;agenda digital de les Societats Musicals!<\/p>\n","protected":false},"author":2,"featured_media":0,"comment_status":"closed","ping_status":"closed","sticky":false,"template":"","format":"standard","meta":{"footnotes":""},"categories":[],"tags":[],"class_list":["post-9881","post","type-post","status-publish","format-standard","hentry"],"_links":{"self":[{"href":"https:\/\/fsmcv.org\/vl\/wp-json\/wp\/v2\/posts\/9881","targetHints":{"allow":["GET"]}}],"collection":[{"href":"https:\/\/fsmcv.org\/vl\/wp-json\/wp\/v2\/posts"}],"about":[{"href":"https:\/\/fsmcv.org\/vl\/wp-json\/wp\/v2\/types\/post"}],"author":[{"embeddable":true,"href":"https:\/\/fsmcv.org\/vl\/wp-json\/wp\/v2\/users\/2"}],"replies":[{"embeddable":true,"href":"https:\/\/fsmcv.org\/vl\/wp-json\/wp\/v2\/comments?post=9881"}],"version-history":[{"count":0,"href":"https:\/\/fsmcv.org\/vl\/wp-json\/wp\/v2\/posts\/9881\/revisions"}],"wp:attachment":[{"href":"https:\/\/fsmcv.org\/vl\/wp-json\/wp\/v2\/media?parent=9881"}],"wp:term":[{"taxonomy":"category","embeddable":true,"href":"https:\/\/fsmcv.org\/vl\/wp-json\/wp\/v2\/categories?post=9881"},{"taxonomy":"post_tag","embeddable":true,"href":"https:\/\/fsmcv.org\/vl\/wp-json\/wp\/v2\/tags?post=9881"}],"curies":[{"name":"wp","href":"https:\/\/api.w.org\/{rel}","templated":true}]}}