{"id":9921,"date":"2018-07-27T13:16:21","date_gmt":"2018-07-27T11:16:21","guid":{"rendered":"https:\/\/fsmcv.org\/?post_type=fsmcv-noticias&#038;p=9921"},"modified":"2021-09-30T11:48:16","modified_gmt":"2021-09-30T09:48:16","slug":"director-constantino-martinez-orts-apadrina-45-edicion-mano-a-mano-bunol","status":"publish","type":"post","link":"https:\/\/fsmcv.org\/vl\/certamens\/director-constantino-martinez-orts-apadrina-45-edicion-mano-a-mano-bunol\/","title":{"rendered":"El director Constantino Mart\u00ednez-Orts apadrina la 45\u00e9na edici\u00f3 del \u201cMano a mano\u201d de Bunyol"},"content":{"rendered":"<p>La 45\u00e9na edici\u00f3 del concert \u201cMano a Mano\u201d de Bunyol comptar\u00e0 amb un padr\u00ed de luxe. Es tracta del prestigi\u00f3s director valenci\u00e0, Constantino Mart\u00ednez-Orts. Actualment batuta de la famosa Film Symphony Orchestra, orquestra especialitzada en m\u00fasica de cinema, que ha actuat, entre altres escenaris, en la pen\u00faltima Gala dels Premis Goya de Cinema. \u00c9s un m\u00fasic intel\u00b7ligent i expressiu, singularment caracter\u00edstic pel seu entusiasme contagi\u00f3s i la passi\u00f3 que transmet en les seues interpretacions. Prova d&#8217;a\u00e7\u00f2 s\u00f3n les clamorosas ovacions de la seua sempre emocionat p\u00fablic. Tamb\u00e9, la seua imatge dirigint amb una llarga jaqueta al m\u00e9s pur estil \u201cMatrix\u201d \u00e9s el seu senyal d&#8217;identitat.<\/p>\n<p>Mart\u00ednez-Orts, ahir de mat\u00ed en la presentaci\u00f3 del concert en la Diputaci\u00f3 de Val\u00e8ncia va dir que \u201c<em>\u00e9s un honor ser president del Mano a mano<\/em>\u201d. El director va recordar que \u201c<em>encara que no s\u00f3c de Bunyol, tinc la fortuna con\u00e8ixer a ambdues societats, especialment a l&#8217;Art\u00edstica amb la qual he treballat<\/em>\u201d. El President d&#8217;Honor ha destacat que \u201c<em>el que s&#8217;ha aconseguit crear amb el Mano a mano \u00e9s digne d&#8217;admiraci\u00f3 i de respecte. \u00c9s un s\u00edmbol de superaci\u00f3 i de sana rivalitat amb l&#8217;\u00fanica intenci\u00f3 de seguir treballant per la cultura de la localitat<\/em>\u201d.<\/p>\n<p>A eixa presentaci\u00f3 tamb\u00e9 va acudir el Diputat de Contractaci\u00f3 i Central de Compres, Bartolom\u00e9 Nofuentes, l&#8217;Alcaldessa de Bunyol, Jonquera Carrascosa, l&#8217;edil de Cultura, Arnaldo Carrascosa, els presidents de la Societat Musical \u201cLa Art\u00edstica\u201d i del Centre Instructiu Musical \u201cLa Arm\u00f3nica\u201d, Francisco Blasco i Rosario Pardo. Tamb\u00e9 han estat els directors d&#8217;ambdues bandes simf\u00f2niques, Henrie Adams i Jos\u00e9 Tello. Tots ells van ser rebuts pel president de la Diputaci\u00f3 de Val\u00e8ncia, Toni Gaspar.<\/p>\n<p>Per a Bartolom\u00e9 Nofuentes, <em>\u201caquest concert \u00e9s alguna cosa molt important per a tots els valencians i per als bu\u00f1oleros<\/em>\u201d. Nofuentes va recordar a les societats i a l&#8217;Ajuntament que \u201c<em>la Diputaci\u00f3 sempre va a ser la seua casa i com heu decidit fer la presentaci\u00f3 ac\u00ed, heu aconseguit que el concert s&#8217;internacionalitze<\/em>\u201d. I tot a\u00e7\u00f2, va prosseguir \u201c<em>s&#8217;ha aconseguit gr\u00e0cies a l&#8217;esfor\u00e7 de les fam\u00edlies, dels pares i les mares, que canalitzen als joves al fet que formen part de les escoles de m\u00fasica. Bunyol \u00e9s marca, les societats s\u00f3n identitat. El Mano a mano \u00e9s l&#8217;expressi\u00f3 del creixement musical. I sempre aneu a tindre a la Diputaci\u00f3 al vostre costat<\/em>\u201d.<\/p>\n<p>L&#8217;Alcaldessa de Bunyol, Jonquera Carrascosa va recordar que \u201c<em>el nom del Mano a mano est\u00e0 molt lligat a la meua fam\u00edlia, ja que un oncle meu va ser un dels precursors d&#8217;aquest concert, i com a tal, li van posar un nom usant una expressi\u00f3 de poble, fer un m\u00e0 a m\u00e0<\/em>\u201d. Carrascosa va dir que \u201c<em>es tracta d&#8217;un concert molt especial, en el qual ja en les pr\u00f2pies paraules dels directors es nota que no estem parlant d&#8217;un concert normal<\/em>\u201d. L&#8217;Alcaldessa va destacar que \u201c<em>\u00e9s una xicoteta botella on encara es refugia la rivalitat, la passi\u00f3, el comprom\u00eds, les ganes el donar-ho tot. I tot a\u00e7\u00f2 cal cuidar-ho. A m\u00e9s, tot a\u00e7\u00f2 amb un espai \u00fanic, com \u00e9s el nostre auditori de Bunyol. Vos convide a gaudir de l&#8217;experi\u00e8ncia d&#8217;un concert \u00fanic. En molt pocs llocs es pot viure la m\u00fasica com en el <\/em><em>Mano a mano<\/em>\u201d, ha concl\u00f2s.<\/p>\n<p>Per la seua banda, l&#8217;edil de Cultura de l&#8217;Ajuntament de Bunyol, Arnaldo Carrascosa va incidir en la idea que \u201c<em>estem davant un dels concerts m\u00e9s importants de la Comunitat Valenciana<\/em>\u201d. Carrascosa va recordar que \u201c<em>enguany, com a novetat la regidoria que dirigisc ha realitzat un concurs per a triar el cartell anunciador del concert, que ha sigut elaborat pels artistes bunyolenses, David Santana i Juan Manuel Aparisi. Sens dubte un cartell que reflecteix l&#8217;ess\u00e8ncia d&#8217;aquest gran concert<\/em>\u201d. El regidor de Cultura ha dit que \u201c<em>si a alg\u00fa li agrada la m\u00fasica, el Mano a mano ha de ser una data marcada en el seu calendari<\/em>\u201d.<\/p>\n<p>Les protagonistes d&#8217;aquest \u201cMano a Mano\u201d s\u00f3n les societats musicals, -La Art\u00edstica i La Arm\u00f3nica- que han estat representades pels seus respectius presidents. Francisco Blasco, responsable de \u201cLos Feos\u201d va apuntaa que \u201c<em>aquest no \u00e9s un concert m\u00e9s. \u00c9s un concert en el qual els m\u00fasics ho donen tot sense jugar-se gens, solament el plaure de tocar en un esdeveniment de tal magnitud<\/em>\u201d. Blasco va afegir que \u201c<em>el Mano a mano \u00e9s un aparador ideal per a promocionar nova m\u00fasica, nous directors i compositors<\/em>\u201d.<\/p>\n<p>Per la seua banda, la presidenta de \u201cLa Arm\u00f3nica\u201d, Rosario Pardo va dir sentir-se molt orgullosa de \u201c<em>ser la primera dona presidenta d&#8217;una societat musical en un Mano a mano<\/em>\u201d. Pardo va recordar que \u201c<em>el Litro sempre prepara a consci\u00e8ncia tots els seus concerts, per\u00f2 si hi ha un de marcat en roig en el calendari, \u00e9s sens dubte, el Mano a mano<\/em>\u201d. Rosario Pardo va destacar que per a la societat i per als m\u00fasics \u201c<em>el Mano a mano \u00e9s el moment en el qual els m\u00fasics tornen, es retroben amb els amics, amb la fam\u00edlia. Per tant, es converteix en un ritual de trobada i d&#8217;emoci\u00f3. I tot, en un auditori meravell\u00f3s, la qual cosa ho fa ser un concert \u00fanic<\/em>\u201d.<\/p>\n<h3>El programa del concert<\/h3>\n<p>El concert tindr\u00e0 lloc el pr\u00f2xim dissabte 18 d&#8217;agost a les 22:30h en l&#8217;Auditori a l&#8217;aire lliure de San Luis. En aquesta ocasi\u00f3, obrir\u00e0 l&#8217;espectacle la Societat Musical \u201cLa Art\u00edstica\u201d, que sota la batuta de Henrie Adams, posar\u00e0 sobre l&#8217;escenari les obres: <em>El Simposi<\/em>, que \u00e9s una obra encarregada per la societat musical al compositor Robert Groslot, que compta amb quatre moviments. Continuaran amb <em>Traveler<\/em> de David Maslanka i conclouran amb <em>Music for Prague 1968<\/em> de Karel Husa, que tamb\u00e9 compta amb quatre temps.<\/p>\n<p>Adams, que arriba a la seua trent\u00e8 \u201cMano a mano\u201d va destacar que \u201c<em>el concert \u00e9s el millor aparador per a posar obres com <\/em>El Simposi<em>, una pe\u00e7a per enc\u00e0rrec que s&#8217;estrenar\u00e0 exclusivament en el <\/em><em>Mano a mano<\/em>\u201d. El director de \u201cLos Feos\u201d va assenyalar que \u201c<em>l&#8217;atmosfera que envolta a eixe concert \u00e9s \u00fanica i La Art\u00edstica ha preparat un gran programa per a un gran esdeveniment com aquest<\/em>\u201d.<\/p>\n<p>Per la seua banda, el Centre Instructiu Musical \u201cLa Arm\u00f3nica\u201d, sota la batuta de Jos\u00e9 Tello interpretar\u00e0 la <em>Sinfonia N\u00ba 5 op. 87<\/em> de Takashi Yoshimatsu que compta amb els arranjaments del director Jos\u00e9 Tello. Conclour\u00e0 el concert, com \u00e9s tradici\u00f3, amb <em>l&#8217;Himne a Bunyol<\/em> dels mestres Chillida i Guzm\u00e1n Pres\u00f3, que dirigir\u00e0 el President d&#8217;Honor del Concert, Constantino Mart\u00ednez-Orts.<\/p>\n<p>Jos\u00e9 Tello \u00e9s, curiosament, el primer director de Bunyol que est\u00e0 al capdavant d&#8217;una de les bandes simf\u00f2niques en aquest concert. Per aquest motiu, Tello ha \u201c<em>sentit una gran responsabilitat, per\u00f2 alhora una immensa alegria<\/em>\u201d. El propi director va recon\u00e8ixer que \u201c<em>quan em van triar per a portar la batuta de la banda simf\u00f2nica, en el primer que vaig pensar va ser en quines obres podria interpretar en el Mano a mano, perqu\u00e8 para mi \u00e9s el concert de l&#8217;any<\/em>\u201d. Respecte a l&#8217;obra que \u201cEl Litro\u201d porta, Tello va destacar que \u201c<em>es tracta d&#8217;una partitura d&#8217;un compositor japon\u00e9s, que em vaig trobar per casualitat, per\u00f2 de la qual a poc a poc em vaig ser enamorant. Crec que \u00e9s digna per a un concert com el nostre<\/em>\u201d.<\/p>\n<h3>Venda d&#8217;entrades<\/h3>\n<p>D&#8217;altra banda, les entrades per al concert \u201cMano a Mano\u201d de Bunyol comen\u00e7aran a vendre&#8217;s el pr\u00f2xim 6 d&#8217;agost. La resta de dies de venda anticipada seran: 9, 10, 13, 16 i 17 d&#8217;agost. Aquestes entrades es podran adquirir en la Sala Polivalent El Mercat els dies estipulats de 19h a 21h. A m\u00e9s, aquestes entrades numerades, tenen un preu de 10\u20ac si es trauen abans del concert i de 15\u20ac si s&#8217;adquireixen el mateix dia del concert.<\/p>\n<p>L&#8217;organitzaci\u00f3 adverteix que una persona podr\u00e0 traure un m\u00e0xim de 10 entrades.<\/p>\n<h3>Entrades per al p\u00fablic for\u00e0<\/h3>\n<p>Enguany de nou, per a les persones de fora de la localitat que vulguen gaudir del nostre concert, les societats musicals han facilitat els seus correus electr\u00f2nics a trav\u00e9s dels quals es poden reservar les localitats. Aix\u00ed doncs, els qui vengen de fora ja poden comprar les seues entrades manant un mail a qualsevol d&#8217;aquests correus electr\u00f2nics: <a href=\"mailto:sociedad@laartistica.org\">sociedad@laartistica.org<\/a> o el tel\u00e8fon 96\/250 02 50 o <a href=\"mailto:sociedad@cimlaarmonica.es\">sociedad@cimlaarmonica.es<\/a> o el tel\u00e8fon 96\/ 250 01 53.<\/p>\n<p>Una vegada els interessats contacten amb alguna de les dues societats, all\u00ed se&#8217;ls transmetran les instruccions precises per a adquirir les entrades.<\/p>\n<p>Cal recordar que el concert ser\u00e0 el pr\u00f2xim 18 d&#8217;agost a les 22:30h en l&#8217;Auditori Municipal de Sant Luis, entre \u201cLa Art\u00edstica\u201d i \u201cLa Arm\u00f3nica\u201d, dues formacions band\u00edstiques campiones del m\u00f3n en l&#8217;Olimp\u00edada de Kerkrade (Holanda).<\/p>\n","protected":false},"excerpt":{"rendered":"<p>M\u00e9s de 400 m\u00fasics es pujaran el pr\u00f2xim 18 d&#8217;agost a l&#8217;escenari de l&#8217;Auditori a l&#8217;aire lliure de Sant Luis.<\/p>\n","protected":false},"author":2,"featured_media":0,"comment_status":"closed","ping_status":"closed","sticky":false,"template":"","format":"standard","meta":{"footnotes":""},"categories":[234],"tags":[],"class_list":["post-9921","post","type-post","status-publish","format-standard","hentry","category-certamens"],"_links":{"self":[{"href":"https:\/\/fsmcv.org\/vl\/wp-json\/wp\/v2\/posts\/9921","targetHints":{"allow":["GET"]}}],"collection":[{"href":"https:\/\/fsmcv.org\/vl\/wp-json\/wp\/v2\/posts"}],"about":[{"href":"https:\/\/fsmcv.org\/vl\/wp-json\/wp\/v2\/types\/post"}],"author":[{"embeddable":true,"href":"https:\/\/fsmcv.org\/vl\/wp-json\/wp\/v2\/users\/2"}],"replies":[{"embeddable":true,"href":"https:\/\/fsmcv.org\/vl\/wp-json\/wp\/v2\/comments?post=9921"}],"version-history":[{"count":0,"href":"https:\/\/fsmcv.org\/vl\/wp-json\/wp\/v2\/posts\/9921\/revisions"}],"wp:attachment":[{"href":"https:\/\/fsmcv.org\/vl\/wp-json\/wp\/v2\/media?parent=9921"}],"wp:term":[{"taxonomy":"category","embeddable":true,"href":"https:\/\/fsmcv.org\/vl\/wp-json\/wp\/v2\/categories?post=9921"},{"taxonomy":"post_tag","embeddable":true,"href":"https:\/\/fsmcv.org\/vl\/wp-json\/wp\/v2\/tags?post=9921"}],"curies":[{"name":"wp","href":"https:\/\/api.w.org\/{rel}","templated":true}]}}