{"id":9935,"date":"2018-08-01T10:07:26","date_gmt":"2018-08-01T08:07:26","guid":{"rendered":"https:\/\/fsmcv.org\/?post_type=fsmcv-noticias&#038;p=9935"},"modified":"2021-09-30T11:44:58","modified_gmt":"2021-09-30T09:44:58","slug":"lateneu-musical-de-cocentaina-estrena-un-pasdoble-inedit-composat-per-lautor-de-paquito-el-chocolatero-en-1941","status":"publish","type":"post","link":"https:\/\/fsmcv.org\/vl\/certamens\/lateneu-musical-de-cocentaina-estrena-un-pasdoble-inedit-composat-per-lautor-de-paquito-el-chocolatero-en-1941\/","title":{"rendered":"L\u2019Ateneu Musical de Cocentaina estrena un pasdoble in\u00e8dit composat per l\u2019autor de \u2018Paquito el Chocolatero\u2019 en 1941"},"content":{"rendered":"<p>La <strong>Societat Ateneu Musical de Cocentaina<\/strong> protagonitza el proper dilluns 6 d\u2019agost el 33 Concert de M\u00fasica per a les Festes de Moros i Cristians, una cita que reuneix cada any a prop d\u2019un miler de seguidors d\u2019aquest g\u00e8nere al Pati d\u2019Armes del Palau Comtal de Cocentaina. L\u2019Ateneu Musical de Cocentaina, dirigit per <strong>Jos\u00e9 Miguel Fayos-Jord\u00e1n<\/strong>, es presenta en aquesta ocassi\u00f3 despr\u00e9s d\u2019haver guanyat el<strong> Certamen Sant Jordi d\u2019Interpretaci\u00f3 de Musica Festera d\u2019Alcoi<\/strong> competint amb la Uni\u00f3 Musical de Muro i la Uni\u00f3 Musical Contestana.<\/p>\n<p>En aquesta ocassi\u00f3 es produir\u00e0 un fet de gran rellev\u00e0ncia musical, ja que tindra lloc l\u2019estrena del pasdoble \u201c<em>Un fandanguillo i una copla<\/em>\u201d, de <strong>Gustavo Pascual,<\/strong> autor de Paquito el Chocolatero, el pasdoble m\u00e9s interpretat i reconegut al m\u00f3n. La partitura, escrita en 1941, cinc anys abans de la seua mort, ha estat in\u00e8dita fins ara, quan ha sigut recuperada i restaurada per l\u2019editorial Piles amb la col\u00b7laboraci\u00f3 del compositor<strong> Teo Aparicio<\/strong>. El pasdoble est\u00e0 dedicat a l\u2019amic de l\u2019autor, <strong>Rafael Ronda<\/strong>, fester i formador de la Fil\u00e0 Maseros de Cocentaina. Gustavo Pascual li va imprimir un tarann\u00e0 flamenc i molt peculiar on brillen fragments solistes de saxof\u00f3 i trompeta.<\/p>\n<p>Aquesta estrena ha provocat una gran expectaci\u00f3 entre els historiadors de la m\u00fasica de moros i cristians. La fam\u00edlia de Gustavo Pascual ha volgut que l\u2019Ateneu done a con\u00e8ixer aquest tresor cultural en un dels esdeveniments musicals m\u00e9s importanst de l\u2019any a Cocentaina, en el primer dia de la setmana de les Festes de Moros i Cristians de la capital del Comtat. El pasdoble presenta elements singulars que el diferencien de la resta d\u2019obres del seu corpus creatiu.<\/p>\n<p>El programa del concert segueix tres l\u00ednies principals. D\u2019una banda es <strong>rescaten obres del repertori hist\u00f2ric<\/strong> contest\u00e0 que havien quedat oblidades o relegades a un rac\u00f3 de la memoria pel pas dels anys, com <em>Manta Roja<\/em> (Just Sansalvador, 1953); <em>Rafel el Fuster<\/em> (Rafael Alcaraz, 1967), <em>Al-Azarch<\/em> (Jos\u00e9 Insa Mart\u00ednez, 1979); o <em>Un fandanguillo y una copla<\/em> (Gustavo Pascual, 1941).<\/p>\n<p>En segon lloc, l\u2019Ateneu Musical aposta fortament per la<strong> interpretaci\u00f3 d\u2019obres de recent creaci\u00f3<\/strong>, conscients del marc que ocupa el concert i de la importancia que t\u00e9 en el mon fester.\u00a0 Cal subratllar l\u2019estrena d\u2019una nova marxa cristiana del compositor <strong>Josep Vicent Egea,<\/strong> titulada <em>Oleia<\/em>, o l\u2019innovadora <em>Hybris<\/em>, de <strong>Jos\u00e9 Miguel Fayos-Jord\u00e1n.<\/strong><\/p>\n<p>Per \u00faltim, i no menys important, es podran escoltar tamb\u00e9 <strong>obres que formen part ja del repertori com a s\u00edmbols indisociables de la festa<\/strong>. Es tracta de partitures signades pels Mestres <strong>Amando Blanquer, Rafael Mullor Grau, Jos\u00e9 Rafael Pascual o Ramon Garcia i Soler.<\/strong><\/p>\n<p>El concert ser\u00e0 el proper dilluns 6 d\u2019agost de 2018 a les 22:30 hores al Pati d\u2019Armes del Palau Comtal de Cocentaina . Entrada lliure.<\/p>\n","protected":false},"excerpt":{"rendered":"<p>El concert de m\u00fasica per a les festes de moros i cristians del proper dilluns 6 d\u2019agost \u00e9s una cita inel\u2022ludible per als seguidors d\u2019aquest g\u00e8nere<\/p>\n","protected":false},"author":2,"featured_media":0,"comment_status":"closed","ping_status":"closed","sticky":false,"template":"","format":"standard","meta":{"footnotes":""},"categories":[234],"tags":[],"class_list":["post-9935","post","type-post","status-publish","format-standard","hentry","category-certamens"],"_links":{"self":[{"href":"https:\/\/fsmcv.org\/vl\/wp-json\/wp\/v2\/posts\/9935","targetHints":{"allow":["GET"]}}],"collection":[{"href":"https:\/\/fsmcv.org\/vl\/wp-json\/wp\/v2\/posts"}],"about":[{"href":"https:\/\/fsmcv.org\/vl\/wp-json\/wp\/v2\/types\/post"}],"author":[{"embeddable":true,"href":"https:\/\/fsmcv.org\/vl\/wp-json\/wp\/v2\/users\/2"}],"replies":[{"embeddable":true,"href":"https:\/\/fsmcv.org\/vl\/wp-json\/wp\/v2\/comments?post=9935"}],"version-history":[{"count":0,"href":"https:\/\/fsmcv.org\/vl\/wp-json\/wp\/v2\/posts\/9935\/revisions"}],"wp:attachment":[{"href":"https:\/\/fsmcv.org\/vl\/wp-json\/wp\/v2\/media?parent=9935"}],"wp:term":[{"taxonomy":"category","embeddable":true,"href":"https:\/\/fsmcv.org\/vl\/wp-json\/wp\/v2\/categories?post=9935"},{"taxonomy":"post_tag","embeddable":true,"href":"https:\/\/fsmcv.org\/vl\/wp-json\/wp\/v2\/tags?post=9935"}],"curies":[{"name":"wp","href":"https:\/\/api.w.org\/{rel}","templated":true}]}}